{"id":7748,"date":"2019-10-17T17:40:52","date_gmt":"2019-10-17T20:40:52","guid":{"rendered":"https:\/\/hostnetart.com.br\/baixada\/coe-itau-debate-novo-modelo-de-agencias-com-o-banco\/"},"modified":"2019-10-17T17:40:52","modified_gmt":"2019-10-17T20:40:52","slug":"coe-itau-debate-novo-modelo-de-agencias-com-o-banco","status":"publish","type":"post","link":"https:\/\/hostnetart.com.br\/baixada\/coe-itau-debate-novo-modelo-de-agencias-com-o-banco\/","title":{"rendered":"COE Ita\u00fa debate novo modelo de ag\u00eancias com o banco"},"content":{"rendered":"<p>A Comiss\u00e3o de Organiza\u00e7\u00e3o dos Empregados (COE) do Ita\u00fa se reuniu, na manh\u00e3 desta quinta-feira (17), com a dire\u00e7\u00e3o do banco para debater o novo modelo de ag\u00eancias e o plano de Previd\u00eancia dos funcion\u00e1rios e conhecer a apresenta\u00e7\u00e3o do banco sobre o quadro de funcion\u00e1rios por Estado e g\u00eanero e do n\u00famero de admiss\u00f5es e demiss\u00f5es 2018 e 2019.<\/p>\n<p>O banco apresentou os n\u00fameros referentes a admiss\u00f5es e desligamentos de 2018 e de 2019. Por\u00e9m, n\u00e3o conseguiu finalizar o levantamento do desmembramento de admiss\u00f5es e demiss\u00f5es e ficou de encaminhar para a COE assim que terminar o trabalho.<\/p>\n<h3>Projeto: Consultor de Longevidade:<\/h3>\n<p>O Ita\u00fa apresentou o Projeto Piloto de Longevidade, que ser\u00e1 testado em 16 ag\u00eancias de S\u00e3o Paulo, com a contrata\u00e7\u00e3o de terceirizados, com mais de 50 anos e carga hor\u00e1ria de 20 horas de trabalho, respons\u00e1veis por familiarizar os clientes mais velhos aos meios eletr\u00f4nicos. O projeto ter\u00e1 dura\u00e7\u00e3o de cinco meses.<\/p>\n<p>\u201cNossa preocupa\u00e7\u00e3o com o projeto \u00e9 que a pessoa contratada ter\u00e1 acesso a informa\u00e7\u00f5es banc\u00e1rias dos clientes, o que pode ser perigoso\u201d, alertou Jair Alves, coordenador da COE Ita\u00fa.<\/p>\n<h2>Plano de previd\u00eancia<\/h2>\n<p>De acordo com o Ita\u00fa, 72% dos banc\u00e1rios t\u00eam Previd\u00eancia e 28% n\u00e3o t\u00eam. Dos 28%, eles t\u00eam em m\u00e9dia 4 anos de empresa e idade m\u00e9dia de 29 anos. \u201cOs n\u00fameros mostram que \u00e9 fundamental o banco reestudar os valores que s\u00e3o pagos em contrapartida pelo Banco no Plano PGBL (616). Hoje v\u00e3o de 0,5% a no m\u00e1ximo 2% do sal\u00e1rio. Esse debate vai para mesa de negocia\u00e7\u00e3o com a Funda\u00e7\u00e3o de Previd\u00eancia Ita\u00fa\u201d<\/p>\n<h3>Novo Modelo de Ag\u00eancias:<\/h3>\n<p>O banco est\u00e1 adotando um novo modelo de ag\u00eancia banc\u00e1ria que tem salas de v\u00eddeo confer\u00eancia, wifi, uma \u00e1rea interna com layout mais aberto, sem caixas humanos, com m\u00e1quinas que realizam dep\u00f3sito em dinheiro, pagamento com troco (inclusive moedas). No Rio de Janeiro e Nordeste v\u00e3o inaugurar ainda. Em S\u00e3o Paulo j\u00e1 existe. De acordo com o banco, as ag\u00eancias que v\u00e3o \u201ctombar\u201d e virar modelo novo que tenham portas girat\u00f3rias, ser\u00e1 mantido o equipamento e as que n\u00e3o tem, n\u00e3o ser\u00e1 instalado.<\/p>\n<p>Para Jair, est\u00e1 claro que este projeto favorece os meios eletr\u00f4nicos, o que pode na realidade, ser uma ponte para digitaliza\u00e7\u00e3o total do atendimento banc\u00e1rio. \u201cApresentamos a preocupa\u00e7\u00e3o com as obras e as condi\u00e7\u00f5es de trabalho dos banc\u00e1rios, citando inclusive o exemplo da Fetrafi-MG que tem uma ag\u00eancia fechada pelo Sindicato de BH h\u00e1 mais de cinco dias por conta da falta de condi\u00e7\u00f5es de trabalho oferecida pela obra na ag\u00eancia. Questionamos como ser\u00e3o emprego do trabalhador nesse novo modelo. Questionamos tamb\u00e9m qual ser\u00e1 a quantidade de trabalhadores dentro dessas ag\u00eancias e o banco disse que n\u00e3o tem essa informa\u00e7\u00e3o, mas v\u00e3o levantar e passar para COE\u201d, lembrou.<\/p>\n<p>\u201cO banco afirmou que n\u00e3o tem interesse acabar com as ag\u00eancias. Apenas quer que os clientes usem meios eletr\u00f4nicos, mas que quando o cliente precisar ir na ag\u00eancia ele quer que seja bem atendido. Afirmaram que de fato o n\u00famero de ag\u00eancias vai diminuir, dado o avan\u00e7o da tecnologia. Disseram ainda que hoje existem v\u00e1rios concorrentes que est\u00e3o incomodando o banco e, portanto, t\u00eam que ser feitas mudan\u00e7as para competir no mercado\u201d, completou Ramon Peres, representante da Fetrafi MG.<\/p>\n<h3>Fechamento de ag\u00eancias:<\/h3>\n<p>O banco disse que tem recebido de alguns sindicatos sobre poss\u00edveis fechamentos de ag\u00eancias. O diretor de Rela\u00e7\u00f5es Sindicais afirmou n\u00e3o ter muito conhecimento sobre isso, pois o banco trata de uma maneira estrat\u00e9gica esse tema e, portanto, ele n\u00e3o tem acesso.<\/p>\n<p>O Ita\u00fa anunciou o fechamento de mais 86 ag\u00eancias normais e 18 ag\u00eancias do Personalit\u00e9, at\u00e9 25\/11. O banco assumiu o compromisso de fazer o esfor\u00e7o para realocar as pessoas. Soma-se j\u00e1 240 ag\u00eancias fechadas no ano de 2019. O banco fez o compromisso de encaminhar o nome das ag\u00eancias que v\u00e3o fechar para a COE que encaminhar\u00e1 para as federa\u00e7\u00f5es.<\/p>\n<p>Uma nova reuni\u00e3o ser\u00e1 realizada para entre os dias 10 e 11 de dezembro, para voltar a discutir esses temas.<\/p>\n<p><strong>Fonte: Contraf-CUT<\/strong><\/p>\n","protected":false},"excerpt":{"rendered":"<p>A Comiss\u00e3o de Organiza\u00e7\u00e3o dos Empregados (COE) do Ita\u00fa se reuniu, na manh\u00e3 desta quinta-feira (17), com a dire\u00e7\u00e3o do banco para debater o novo modelo de ag\u00eancias e o plano de Previd\u00eancia dos funcion\u00e1rios e conhecer a apresenta\u00e7\u00e3o do banco sobre o quadro de funcion\u00e1rios por Estado e g\u00eanero e do n\u00famero de admiss\u00f5es [&hellip;]<\/p>\n","protected":false},"author":2,"featured_media":7747,"comment_status":"","ping_status":"","sticky":false,"template":"","format":"standard","meta":{"footnotes":""},"categories":[3],"tags":[],"class_list":["post-7748","post","type-post","status-publish","format-standard","has-post-thumbnail","hentry","category-noticias"],"_links":{"self":[{"href":"https:\/\/hostnetart.com.br\/baixada\/wp-json\/wp\/v2\/posts\/7748","targetHints":{"allow":["GET"]}}],"collection":[{"href":"https:\/\/hostnetart.com.br\/baixada\/wp-json\/wp\/v2\/posts"}],"about":[{"href":"https:\/\/hostnetart.com.br\/baixada\/wp-json\/wp\/v2\/types\/post"}],"author":[{"embeddable":true,"href":"https:\/\/hostnetart.com.br\/baixada\/wp-json\/wp\/v2\/users\/2"}],"replies":[{"embeddable":true,"href":"https:\/\/hostnetart.com.br\/baixada\/wp-json\/wp\/v2\/comments?post=7748"}],"version-history":[{"count":0,"href":"https:\/\/hostnetart.com.br\/baixada\/wp-json\/wp\/v2\/posts\/7748\/revisions"}],"wp:featuredmedia":[{"embeddable":true,"href":"https:\/\/hostnetart.com.br\/baixada\/wp-json\/wp\/v2\/media\/7747"}],"wp:attachment":[{"href":"https:\/\/hostnetart.com.br\/baixada\/wp-json\/wp\/v2\/media?parent=7748"}],"wp:term":[{"taxonomy":"category","embeddable":true,"href":"https:\/\/hostnetart.com.br\/baixada\/wp-json\/wp\/v2\/categories?post=7748"},{"taxonomy":"post_tag","embeddable":true,"href":"https:\/\/hostnetart.com.br\/baixada\/wp-json\/wp\/v2\/tags?post=7748"}],"curies":[{"name":"wp","href":"https:\/\/api.w.org\/{rel}","templated":true}]}}