{"id":7742,"date":"2019-10-17T14:10:45","date_gmt":"2019-10-17T17:10:45","guid":{"rendered":"https:\/\/hostnetart.com.br\/baixada\/ataque-de-rodrigo-maia-a-gestao-da-caixa-no-fgts-favorece-bancos-privados\/"},"modified":"2019-10-17T14:10:45","modified_gmt":"2019-10-17T17:10:45","slug":"ataque-de-rodrigo-maia-a-gestao-da-caixa-no-fgts-favorece-bancos-privados","status":"publish","type":"post","link":"https:\/\/hostnetart.com.br\/baixada\/ataque-de-rodrigo-maia-a-gestao-da-caixa-no-fgts-favorece-bancos-privados\/","title":{"rendered":"Ataque de Rodrigo Maia a gest\u00e3o da Caixa no FGTS favorece bancos privados"},"content":{"rendered":"<p>O presidente da C\u00e2mara dos Deputados, Rodrigo Maia (DEM-RJ), demonstra desconhecer o papel social da Caixa Federal ao criticar a gest\u00e3o do Fundo de Garantia do Tempo de Servi\u00e7o (FGTS) pela institui\u00e7\u00e3o. Na tentativa de criar \u201cclima\u201d favor\u00e1vel \u00e0 absor\u00e7\u00e3o dos recursos do FGTS pelos bancos privados, Maia a acusou a Caixa de \u201croubar\u201d do trabalhador R$ 7 bilh\u00f5es ao ano com a cobran\u00e7a de 1% de taxa de administra\u00e7\u00e3o sobre o fundo. O argumento demag\u00f3gico desqualifica o potencial do FGTS de proporcionar recursos mais baratos do que o mercado financeiro para que a Uni\u00e3o, estados e munic\u00edpios possam investir em car\u00eancias como infraestrutura, saneamento b\u00e1sico, tratamento de \u00e1gua e esgoto e habita\u00e7\u00e3o.<\/p>\n<p>Apesar de n\u00e3o ter finalidade especulativa, o FGTS funciona ainda para o trabalhador como uma reserva em casos de demiss\u00e3o sem justa causa, de aposentadoria ou de aquisi\u00e7\u00e3o de im\u00f3vel. E com rendimentos competitivos em rela\u00e7\u00e3o \u00e0 poupan\u00e7a sem que haja nenhum desembolso por parte do trabalhador, mas do empregador. Por isso se chama \u201cfundo\u201d, e n\u00e3o \u201caplica\u00e7\u00e3o\u201d \u2013 sobre cujo saldo o empregador ainda deve uma multa de 40% em caso de demiss\u00e3o, o que torna essa reserva do trabalhador superior a qualquer tipo de \u201cinvestimento\u201d.<\/p>\n<p>Para o presidente da Confedera\u00e7\u00e3o Nacional dos Sindicatos de Trabalhadores nas Ind\u00fastrias da Constru\u00e7\u00e3o e da Madeira filiados \u00e0 CUT (Conticom-CUT), Cl\u00e1udio da Silva Gomes, o\u00a0<a href=\"https:\/\/www.redebrasilatual.com.br\/economia\/2019\/09\/fgts-centralizado-na-caixa\/\">fim do monop\u00f3lio da Caixa<\/a>\u00a0na administra\u00e7\u00e3o do Fundo de Garantia\u00a0<a href=\"https:\/\/www.redebrasilatual.com.br\/destaques\/2019\/05\/pais-corre-riscos-se-governo-abrir-mao-dos-bancos-publicos-alerta-belluzzo\/\">\u00e9 um risco<\/a>. Claudinho, como \u00e9 chamado, observa que os trabalhadores podem perder tudo o que foi depositado.<\/p>\n<p>\u201cQuando houve interven\u00e7\u00e3o do governo e liquida\u00e7\u00e3o dos bancos Comind e Nacional, milhares de contas do FGTS desapareceram e os trabalhadores n\u00e3o conseguiram recuperar o que tinha l\u00e1 depositado\u201d, lembra o dirigente se referindo \u00e0 quebra desses bancos nas d\u00e9cadas de 1980 e 1990. O Comind ocupava a quinta posi\u00e7\u00e3o no ranking nacional de bancos, possu\u00eda 17 mil funcion\u00e1rios e 300 ag\u00eancias quando, em 1985, sofreu uma interven\u00e7\u00e3o federal. J\u00e1 a interven\u00e7\u00e3o no Banco Nacional ocorreu em 1994 e a institui\u00e7\u00e3o foi liquidada no ano seguinte. Seus ativos foram transferidos para o Unibanco \u2013\u00a0hoje Ita\u00fa \u2013 e seus passivos, tamb\u00e9m conhecidos como preju\u00edzo, ficaram com o Banco Central.<\/p>\n<p><a href=\"https:\/\/www.cut.org.br\/noticias\/gestao-da-caixa-garante-o-pagamento-do-fgts-e-financiamento-da-casa-propria-4b2d\">A informa\u00e7\u00e3o \u00e9 de reportagem de Rosely Rocha, do portal da CUT<\/a>. A mat\u00e9ria ouve ainda o presidente da Federa\u00e7\u00e3o Nacional das Associa\u00e7\u00f5es do Pessoal da Caixa Econ\u00f4mica Federal (Fenae), Jair Pedro Ferreira. Ele lembra que a Caixa passou a centralizar a administra\u00e7\u00e3o do FGTS em 1991 durante o governo de Fernando Collor de Mello, quando, com apoio de sindicatos de trabalhadores, foi criada a Lei 8.036. At\u00e9 ent\u00e3o, as\u00a0<a href=\"https:\/\/www.redebrasilatual.com.br\/trabalho\/2019\/09\/bancarios-atos-defesa-caixa-fgts\/\">contas do FGTS<\/a>\u00a0eram espalhadas em 73 bancos privados, segundo Jair.<\/p>\n<p>\u201cTodas as melhorias nas informa\u00e7\u00f5es e transpar\u00eancia foram a partir desse per\u00edodo. Antes, o trabalhador n\u00e3o tinha como saber se seu FGTS estava depositado. O patr\u00e3o podia mudar o dep\u00f3sito de banco diversas vezes e o trabalhador acabava tendo diversas contas espalhadas\u201d, diz, alertando que n\u00e3o se deve confundir \u2013 e o argumento de Rodrigo Maia tem a finalidade de causar confus\u00e3o \u2013 a gest\u00e3o de uma aplica\u00e7\u00e3o financeira qualquer com um fundo de interesse p\u00fablico como o Fundo de Garantia. \u201c\u00c9 preciso entender as diferen\u00e7as\u201d, ressalta o presidente da Fenae, ao defender a taxa de administra\u00e7\u00e3o de 1% que a Caixa cobra para gerir R$ 850 bilh\u00f5es de recursos e 800 milh\u00f5es de contas do FGTS.<\/p>\n<p>Para o dirigente, a declara\u00e7\u00e3o de Maia de que a Caixa \u201crouba\u201d \u00e9 grave e desrespeitosa. \u201cFoi uma declara\u00e7\u00e3o infeliz que causou indigna\u00e7\u00e3o muito grande entre os funcion\u00e1rios do banco. Repudiamos essa tentativa de nos desmoralizar. A Caixa tem 24 regras de controles sobre o FGTS, uma gest\u00e3o s\u00e9ria de governan\u00e7a. Seus investimentos v\u00e3o para moradias de baixa renda. Isso \u00e9 pol\u00edtica p\u00fablica\u201d, afirma Jair. O pano de fundo das cr\u00edticas de Maia, avaliar ele, \u00e9 enfraquecer e esquartejar a Caixa para entregar tudo ao setor privado. \u201cQuerem tirar o FGTS, as loterias, os cart\u00f5es, a seguridade. Esses ativos s\u00e3o importantes para a manuten\u00e7\u00e3o do banco. N\u00e3o podemos entreg\u00e1-los para o setor privado.\u201d<\/p>\n<p>A declara\u00e7\u00e3o de Rodrigo Maia foi feita ao programa\u00a0<em>Poder em Foco<\/em>, do SBT, na madrugada desta segunda-feira (14). Mais chegou a dizer que \u201cn\u00e3o \u00e9 justo que o dinheiro do trabalhador, que \u00e9 s\u00f3cio deste fundo imenso que \u00e9 o FGTS, seja usado como subs\u00eddio para construir a casa de outra pessoa\u201d, mais uma vez promovendo desinforma\u00e7\u00e3o, adverte Jair, da Fenae. \u201cH\u00e1 um d\u00e9ficit habitacional para 78 milh\u00f5es de fam\u00edlias que est\u00e3o sem casa, pagam aluguel ou moram na casa de parentes. O FGTS \u00e9 uma das grandes ferramentas para combater essa injusti\u00e7a social.\u201d<\/p>\n<p><strong>Fonte: Rede Brasil Atual<\/strong><\/p>\n","protected":false},"excerpt":{"rendered":"<p>O presidente da C\u00e2mara dos Deputados, Rodrigo Maia (DEM-RJ), demonstra desconhecer o papel social da Caixa Federal ao criticar a gest\u00e3o do Fundo de Garantia do Tempo de Servi\u00e7o (FGTS) pela institui\u00e7\u00e3o. Na tentativa de criar \u201cclima\u201d favor\u00e1vel \u00e0 absor\u00e7\u00e3o dos recursos do FGTS pelos bancos privados, Maia a acusou a Caixa de \u201croubar\u201d do [&hellip;]<\/p>\n","protected":false},"author":2,"featured_media":7741,"comment_status":"","ping_status":"","sticky":false,"template":"","format":"standard","meta":{"footnotes":""},"categories":[3],"tags":[],"class_list":["post-7742","post","type-post","status-publish","format-standard","has-post-thumbnail","hentry","category-noticias"],"_links":{"self":[{"href":"https:\/\/hostnetart.com.br\/baixada\/wp-json\/wp\/v2\/posts\/7742","targetHints":{"allow":["GET"]}}],"collection":[{"href":"https:\/\/hostnetart.com.br\/baixada\/wp-json\/wp\/v2\/posts"}],"about":[{"href":"https:\/\/hostnetart.com.br\/baixada\/wp-json\/wp\/v2\/types\/post"}],"author":[{"embeddable":true,"href":"https:\/\/hostnetart.com.br\/baixada\/wp-json\/wp\/v2\/users\/2"}],"replies":[{"embeddable":true,"href":"https:\/\/hostnetart.com.br\/baixada\/wp-json\/wp\/v2\/comments?post=7742"}],"version-history":[{"count":0,"href":"https:\/\/hostnetart.com.br\/baixada\/wp-json\/wp\/v2\/posts\/7742\/revisions"}],"wp:featuredmedia":[{"embeddable":true,"href":"https:\/\/hostnetart.com.br\/baixada\/wp-json\/wp\/v2\/media\/7741"}],"wp:attachment":[{"href":"https:\/\/hostnetart.com.br\/baixada\/wp-json\/wp\/v2\/media?parent=7742"}],"wp:term":[{"taxonomy":"category","embeddable":true,"href":"https:\/\/hostnetart.com.br\/baixada\/wp-json\/wp\/v2\/categories?post=7742"},{"taxonomy":"post_tag","embeddable":true,"href":"https:\/\/hostnetart.com.br\/baixada\/wp-json\/wp\/v2\/tags?post=7742"}],"curies":[{"name":"wp","href":"https:\/\/api.w.org\/{rel}","templated":true}]}}