{"id":7738,"date":"2019-10-17T14:06:10","date_gmt":"2019-10-17T17:06:10","guid":{"rendered":"https:\/\/hostnetart.com.br\/baixada\/banco-do-brasil-descumpre-acordo-sobre-remocao-compulsoria\/"},"modified":"2019-10-17T14:06:10","modified_gmt":"2019-10-17T17:06:10","slug":"banco-do-brasil-descumpre-acordo-sobre-remocao-compulsoria","status":"publish","type":"post","link":"https:\/\/hostnetart.com.br\/baixada\/banco-do-brasil-descumpre-acordo-sobre-remocao-compulsoria\/","title":{"rendered":"Banco do Brasil descumpre acordo sobre remo\u00e7\u00e3o compuls\u00f3ria"},"content":{"rendered":"<p>O Banco do Brasil est\u00e1 descumprindo acordo firmado com a Comiss\u00e3o de Empresa dos Funcion\u00e1rios (CEBB) de que, ap\u00f3s a fase de ades\u00e3o volunt\u00e1ria ao Plano de Ajuste de Quadros (PAQ), lan\u00e7ado no final de julho, n\u00e3o seriam realizadas remo\u00e7\u00f5es compuls\u00f3rias para munic\u00edpios que n\u00e3o fossem o da origem dos funcion\u00e1rios. O banco est\u00e1 descumprindo esse acordo.<\/p>\n<p>\u201cO acordado previa remo\u00e7\u00f5es para localidades at\u00e9 30km de dist\u00e2ncia do local de origem, podendo, no m\u00e1ximo, chegar a 50km quando n\u00e3o houvessem vagas em dist\u00e2ncia inferior. Mesmo assim, haveria uma consulta ao trabalhador antes de definida a remo\u00e7\u00e3o\u201d, lembrou o coordenador da CEBB, Jo\u00e3o Fukunaga.<\/p>\n<p>O banco informou \u00e0 CEBB que, ap\u00f3s a fase de ades\u00e3o volunt\u00e1ria, permanecem 577 pessoas em excesso, sujeitas a remo\u00e7\u00e3o para outras unidades e que a remo\u00e7\u00e3o compuls\u00f3ria pode ocorrer, inclusive para outras cidades da mesma regi\u00e3o metropolitana, ou para a regi\u00e3o lim\u00edtrofe, a que for mais perto da origem.<\/p>\n<p>Ser\u00e1 aberto um Sistema Autom\u00e1tico de Concorr\u00eancia \u00e0 Remo\u00e7\u00e3o (SACR) especial apenas para pessoas em excesso. Quando houver a ades\u00e3o, ou recusa, dessas pessoas, outras pessoas poder\u00e3o aderir.<\/p>\n<p>\u201cVamos cobrar do banco um mapa para sabermos quantas pessoas ser\u00e3o atingidas em cada base sindical e acompanhar o andamento do processo para evitar que funcion\u00e1rios tenham seu direito desrespeitados\u201d, disse a secret\u00e1ria de Juventude e representante da Confedera\u00e7\u00e3o Nacional dos Trabalhadores do Ramo Financeiro (Contraf-CUT) na mesa de negocia\u00e7\u00f5es com o Banco do Brasil, Fernanda Lopes. \u201cE j\u00e1 estamos analisando as medidas que ser\u00e3o tomadas para os casos nos quais houve remo\u00e7\u00e3o compuls\u00f3ria para locais mais distantes do que o acordado\u201d, completou.<\/p>\n<h3><strong>Relembrando<\/strong><\/h3>\n<p>O PAQ do Banco do Brasil foi anunciado no dia 29 de julho por meio de comunicado oficial aos funcion\u00e1rios nos canais internos de comunica\u00e7\u00e3o, com crit\u00e9rios e prazos da reestrutura\u00e7\u00e3o e do plano de desligamento. A reestrutura\u00e7\u00e3o previa ajustes de quadros, corte de 2.300 vagas em ag\u00eancias e setores administrativos internos e o fechamento de mais de 300 ag\u00eancias, que ser\u00e3o transformadas em postos de atendimento, sem autonomia e sem gerente administrador.<\/p>\n<p>Em reuni\u00e3o com a Comiss\u00e3o de Empresa dos Funcion\u00e1rios do BB, no dia 30 de julho, o BB informou que os funcion\u00e1rios que n\u00e3o forem realocados em cargos equivalentes receber\u00e3o, durante os quatro meses, uma Verba de Car\u00e1ter Pessoal (VCP), que completa o rendimento, mas que os caixas n\u00e3o seriam contemplados.<\/p>\n<p><strong>Fonte:<\/strong>\u00a0<strong>Contraf-CUT<\/strong><\/p>\n","protected":false},"excerpt":{"rendered":"<p>O Banco do Brasil est\u00e1 descumprindo acordo firmado com a Comiss\u00e3o de Empresa dos Funcion\u00e1rios (CEBB) de que, ap\u00f3s a fase de ades\u00e3o volunt\u00e1ria ao Plano de Ajuste de Quadros (PAQ), lan\u00e7ado no final de julho, n\u00e3o seriam realizadas remo\u00e7\u00f5es compuls\u00f3rias para munic\u00edpios que n\u00e3o fossem o da origem dos funcion\u00e1rios. O banco est\u00e1 descumprindo [&hellip;]<\/p>\n","protected":false},"author":2,"featured_media":7737,"comment_status":"","ping_status":"","sticky":false,"template":"","format":"standard","meta":{"footnotes":""},"categories":[3],"tags":[],"class_list":["post-7738","post","type-post","status-publish","format-standard","has-post-thumbnail","hentry","category-noticias"],"_links":{"self":[{"href":"https:\/\/hostnetart.com.br\/baixada\/wp-json\/wp\/v2\/posts\/7738","targetHints":{"allow":["GET"]}}],"collection":[{"href":"https:\/\/hostnetart.com.br\/baixada\/wp-json\/wp\/v2\/posts"}],"about":[{"href":"https:\/\/hostnetart.com.br\/baixada\/wp-json\/wp\/v2\/types\/post"}],"author":[{"embeddable":true,"href":"https:\/\/hostnetart.com.br\/baixada\/wp-json\/wp\/v2\/users\/2"}],"replies":[{"embeddable":true,"href":"https:\/\/hostnetart.com.br\/baixada\/wp-json\/wp\/v2\/comments?post=7738"}],"version-history":[{"count":0,"href":"https:\/\/hostnetart.com.br\/baixada\/wp-json\/wp\/v2\/posts\/7738\/revisions"}],"wp:featuredmedia":[{"embeddable":true,"href":"https:\/\/hostnetart.com.br\/baixada\/wp-json\/wp\/v2\/media\/7737"}],"wp:attachment":[{"href":"https:\/\/hostnetart.com.br\/baixada\/wp-json\/wp\/v2\/media?parent=7738"}],"wp:term":[{"taxonomy":"category","embeddable":true,"href":"https:\/\/hostnetart.com.br\/baixada\/wp-json\/wp\/v2\/categories?post=7738"},{"taxonomy":"post_tag","embeddable":true,"href":"https:\/\/hostnetart.com.br\/baixada\/wp-json\/wp\/v2\/tags?post=7738"}],"curies":[{"name":"wp","href":"https:\/\/api.w.org\/{rel}","templated":true}]}}