{"id":7726,"date":"2019-10-16T17:01:56","date_gmt":"2019-10-16T20:01:56","guid":{"rendered":"https:\/\/hostnetart.com.br\/baixada\/va-e-vr-nao-sao-beneficios-do-banco-sao-conquistas-do-sindicato\/"},"modified":"2019-10-16T17:01:56","modified_gmt":"2019-10-16T20:01:56","slug":"va-e-vr-nao-sao-beneficios-do-banco-sao-conquistas-do-sindicato","status":"publish","type":"post","link":"https:\/\/hostnetart.com.br\/baixada\/va-e-vr-nao-sao-beneficios-do-banco-sao-conquistas-do-sindicato\/","title":{"rendered":"VA e VR n\u00e3o s\u00e3o benef\u00edcios do banco, s\u00e3o conquistas do sindicato!"},"content":{"rendered":"<p>A Confedera\u00e7\u00e3o Nacional dos Trabalhadores do Ramo Financeiro (Contraf-CUT) lan\u00e7a, nesta quarta-feira (16), o segundo v\u00eddeo da Campanha Fecha Com A Gente, com o tema: Vale-Alimenta\u00e7\u00e3o. O curta mostra a import\u00e2ncia da luta do sindicato para a conquista n\u00e3o s\u00f3 do vale-alimenta\u00e7\u00e3o, mas tamb\u00e9m do vale-refei\u00e7\u00e3o, 13\u00aa cesta alimenta\u00e7\u00e3o, entre outros direitos. <\/p>\n<p>A categoria banc\u00e1ria conquistou muitos direitos ao longo de anos de hist\u00f3ria. Os vales alimenta\u00e7\u00e3o e refei\u00e7\u00e3o, por exemplo, n\u00e3o s\u00e3o \u201cbenef\u00edcios\u201d concedidos pelos bancos, mas direitos conquistados, fruto de muita luta das banc\u00e1rias e banc\u00e1rios. Esses direitos s\u00e3o garantidos pela Conven\u00e7\u00e3o Coletiva de Trabalho (CCT), que estabelece que todas as trabalhadoras e todos os trabalhadores devem receber do seu empregador os vales refei\u00e7\u00e3o, alimenta\u00e7\u00e3o e tamb\u00e9m a 13\u00aa cesta-alimenta\u00e7\u00e3o. <\/p>\n<p>Apesar de o vale-refei\u00e7\u00e3o estar previsto na CCT desde 1990, a alimenta\u00e7\u00e3o ter sido inclu\u00eddo em 1994, e a 13\u00aa cesta em 2007, o reajuste anual de seus valores \u00e9 resultado das negocia\u00e7\u00f5es e da mobiliza\u00e7\u00e3o dos trabalhadores de bancos p\u00fablicos e privados na Campanha Nacional dos Banc\u00e1rios.<\/p>\n<p>De acordo com a CCT (2018\/2019), as banc\u00e1rias e banc\u00e1rios t\u00eam assegurado o direito de receber o vale-alimenta\u00e7\u00e3o mensal, no valor de R$609,88, e o vale-refei\u00e7\u00e3o, no valor di\u00e1rio de R$ 35,18. Al\u00e9m disso, tamb\u00e9m \u00e9 conquista dos trabalhadores o direito \u00e0 13\u00aa cesta alimenta\u00e7\u00e3o, que deve ser paga pelos bancos at\u00e9 o dia 30 de novembro, no valor R$ 431,16). <br \/> Esses direitos s\u00e3o assegurados \u00e0s trabalhadoras em licen\u00e7a-maternidade e ao funcion\u00e1rio afastado por doen\u00e7a, ou acidente de trabalho, por um prazo de 180 dias, contados a partir do primeiro dia de afastamento.<\/p>\n<p>\u00a0<\/p>\n<p>{youtube}dm1N0pbyJfM{\/youtube}<\/p>\n<p>\u00a0<\/p>\n<p><strong>Fonte: Contraf-CUT<\/strong><\/p>\n","protected":false},"excerpt":{"rendered":"<p>A Confedera\u00e7\u00e3o Nacional dos Trabalhadores do Ramo Financeiro (Contraf-CUT) lan\u00e7a, nesta quarta-feira (16), o segundo v\u00eddeo da Campanha Fecha Com A Gente, com o tema: Vale-Alimenta\u00e7\u00e3o. O curta mostra a import\u00e2ncia da luta do sindicato para a conquista n\u00e3o s\u00f3 do vale-alimenta\u00e7\u00e3o, mas tamb\u00e9m do vale-refei\u00e7\u00e3o, 13\u00aa cesta alimenta\u00e7\u00e3o, entre outros direitos. A categoria banc\u00e1ria [&hellip;]<\/p>\n","protected":false},"author":2,"featured_media":7725,"comment_status":"","ping_status":"","sticky":false,"template":"","format":"standard","meta":{"footnotes":""},"categories":[3],"tags":[],"class_list":["post-7726","post","type-post","status-publish","format-standard","has-post-thumbnail","hentry","category-noticias"],"_links":{"self":[{"href":"https:\/\/hostnetart.com.br\/baixada\/wp-json\/wp\/v2\/posts\/7726","targetHints":{"allow":["GET"]}}],"collection":[{"href":"https:\/\/hostnetart.com.br\/baixada\/wp-json\/wp\/v2\/posts"}],"about":[{"href":"https:\/\/hostnetart.com.br\/baixada\/wp-json\/wp\/v2\/types\/post"}],"author":[{"embeddable":true,"href":"https:\/\/hostnetart.com.br\/baixada\/wp-json\/wp\/v2\/users\/2"}],"replies":[{"embeddable":true,"href":"https:\/\/hostnetart.com.br\/baixada\/wp-json\/wp\/v2\/comments?post=7726"}],"version-history":[{"count":0,"href":"https:\/\/hostnetart.com.br\/baixada\/wp-json\/wp\/v2\/posts\/7726\/revisions"}],"wp:featuredmedia":[{"embeddable":true,"href":"https:\/\/hostnetart.com.br\/baixada\/wp-json\/wp\/v2\/media\/7725"}],"wp:attachment":[{"href":"https:\/\/hostnetart.com.br\/baixada\/wp-json\/wp\/v2\/media?parent=7726"}],"wp:term":[{"taxonomy":"category","embeddable":true,"href":"https:\/\/hostnetart.com.br\/baixada\/wp-json\/wp\/v2\/categories?post=7726"},{"taxonomy":"post_tag","embeddable":true,"href":"https:\/\/hostnetart.com.br\/baixada\/wp-json\/wp\/v2\/tags?post=7726"}],"curies":[{"name":"wp","href":"https:\/\/api.w.org\/{rel}","templated":true}]}}