{"id":7720,"date":"2019-10-15T14:38:34","date_gmt":"2019-10-15T17:38:34","guid":{"rendered":"https:\/\/hostnetart.com.br\/baixada\/pais-vai-abrir-mao-de-receitas-e-soberania-se-privatizar-empresas-de-tecnologia\/"},"modified":"2019-10-15T14:38:34","modified_gmt":"2019-10-15T17:38:34","slug":"pais-vai-abrir-mao-de-receitas-e-soberania-se-privatizar-empresas-de-tecnologia","status":"publish","type":"post","link":"https:\/\/hostnetart.com.br\/baixada\/pais-vai-abrir-mao-de-receitas-e-soberania-se-privatizar-empresas-de-tecnologia\/","title":{"rendered":"Pa\u00eds vai abrir m\u00e3o de receitas e soberania se privatizar empresas de tecnologia"},"content":{"rendered":"<p>A privatiza\u00e7\u00e3o de empresas de tecnologia e processamento de dados, como o Servi\u00e7o Federal de Processamento de Dados (Serpro) e a Empresa de Tecnologia e Informa\u00e7\u00f5es da Previd\u00eancia Social (Dataprev), coloca em jogo a\u00a0<a href=\"https:\/\/www.redebrasilatual.com.br\/politica\/2019\/02\/brasil-deixa-soberania-nacional-de-lado-para-apoiar-estados-unidos\/\" target=\"_blank\" rel=\"noopener noreferrer\">soberania nacional<\/a>. Assim avaliam os debatedores que participaram da audi\u00eancia p\u00fablica realizada nesta segunda-feira (14), na Comiss\u00e3o de Direitos Humanos e Legisla\u00e7\u00e3o Participativa (CDH). O debate foi sugerido pelo senador Paulo Paim (PT-RS), que preside o colegiado.<\/p>\n<p>Representante da Coordena\u00e7\u00e3o Nacional de Campanha Salarial da Dataprev e da Federa\u00e7\u00e3o Nacional dos Empregados em Empresas e \u00d3rg\u00e3os P\u00fablicos e Privados de Processamento de Dados, Servi\u00e7os de Inform\u00e1tica e Similares (Fenadados), Maria do Perp\u00e9tuo Socorro Lago lamentou que o\u00a0<a href=\"https:\/\/www.redebrasilatual.com.br\/trabalho\/2019\/08\/petroleiros-defesa-dos-acordos-coletivos-privatizacao\/\" target=\"_blank\" rel=\"noopener noreferrer\">programa de privatiza\u00e7\u00e3o<\/a>\u00a0anunciado pelo governo inclua empresas que d\u00e3o lucro \u00e0 Uni\u00e3o e realizam servi\u00e7os de excel\u00eancia, considerados estrat\u00e9gicos para o desenvolvimento do pa\u00eds, como a Dataprev e o Serpro. Para ela, a soberania nacional seria comprometida com a entrega, a multinacionais, da gest\u00e3o e do desenvolvimento de sistemas que controlam dados estrat\u00e9gicos do pa\u00eds.<\/p>\n<p>\u201cQual a garantia que a popula\u00e7\u00e3o brasileira tem de que os dados deles ou dados de pol\u00edticos, ou dados para outros objetivos n\u00e3o v\u00e3o ser usados, no caso de privatiza\u00e7\u00e3o dessas duas empresas, para atender objetivos que n\u00e3o s\u00e3o objetivos republicanos?\u201d, questionou.<\/p>\n<p>Vice-presidente da Associa\u00e7\u00e3o Nacional dos Empregados da Dataprev, Ugo da Costa Cavalcanti disse que a empresa surgiu para aprimorar o servi\u00e7o da Previd\u00eancia Social, com o objetivo de integrar dados. Atualmente, a estatal processa o pagamento de mais de 35 milh\u00f5es de benef\u00edcios, tendo obtido lucro l\u00edquido, em 2018, de R$ 151 milh\u00f5es.<\/p>\n<p>Para ele, ao privatizar empresas que tem evolu\u00eddo, investido na sua moderniza\u00e7\u00e3o e que s\u00e3o competitivas frente \u00e0 iniciativa privada, o governo assume riscos como a suspens\u00e3o de servi\u00e7os cr\u00edticos devido \u00e0 falta ou atrasos de pagamentos, o aumento de custos para o Estado e a perda de experi\u00eancia e dos conhecimentos acumulados, al\u00e9m de comprometer a qualidade do servi\u00e7o para a popula\u00e7\u00e3o.<\/p>\n<p>\u201cA Dataprev tem um balan\u00e7o absolutamente saud\u00e1vel, gerando lucro para seus acionistas e reinvestindo 75% desse lucro em moderniza\u00e7\u00e3o do seu parque tecnol\u00f3gico. Por\u00e9m, caso seja privatizada, suas prioridades ser\u00e3o totalmente investidas para l\u00f3gica de uma empresa privada. Onde o lucro \u00e9 mais importante que a presta\u00e7\u00e3o do servi\u00e7o p\u00fablico. Nesse cen\u00e1rio, um atraso ou interrup\u00e7\u00e3o desses pagamentos poder\u00e1 gerar um caos\u201d, afirmou Cavalcanti.<\/p>\n<h3>Projeto ultraliberal<\/h3>\n<p>Para Vera Guasso, representante da Frente Nacional de Inform\u00e1tica na defesa dos empregados do Serpro, o governo tenta implantar um projeto ultraliberal, com a venda de todo o patrim\u00f4nio brasileiro, como quer o comando do ministro da Economia, Paulo Guedes. Ela afirmou o que Serpro e a Dataprev induzem o crescimento do pa\u00eds e s\u00e3o respons\u00e1veis pelo controle e gest\u00e3o de um banco de dados gigantesco com mais de 5 mil sistemas e que acarreta economia aos cofres p\u00fablicos de R$ 6 bilh\u00f5es.<\/p>\n<p>Ao exemplificar o uso desses sistemas no dia a dia da popula\u00e7\u00e3o e do servi\u00e7o p\u00fablico como os sistemas de declara\u00e7\u00e3o do Imposto de Renda, compras p\u00fablicas da Uni\u00e3o, estados e munic\u00edpios, Denatran entre outros, ela considerou imposs\u00edvel o controle desses servi\u00e7os pela iniciativa privada. \u201cSe privatizar aos peda\u00e7os, por exemplo, de cinco em cinco anos vai ter licita\u00e7\u00e3o para banco de dados? Que empresa privada vai conseguir manter isso? Ent\u00e3o, o risco de o pa\u00eds ficar \u00e0 merc\u00ea das empresas privadas \u00e9 gigantesco\u201d.<\/p>\n<h3>Lista pol\u00eamica<b><br \/><\/b><\/h3>\n<p>Paim informou que no pacote de privatiza\u00e7\u00f5es do governo constam 17 empresas estatais. Al\u00e9m de Serpro, Dataprev e Correios, tamb\u00e9m fazem parte da lista de estatais a serem privatizadas a Casa da Moeda, a Lotex, a Trensurb (Empresa de Trens Urbanos de Porto Alegre S.A.), a Eletrobras, a Telebras, a Empresa Gestora de Ativos (Emgea), a Ag\u00eancia Brasileira Gestora de Fundos Garantidores e Garantias (ABGF), a Companhia Docas do Estado de S\u00e3o Paulo (Codesp), entre outras. A amplia\u00e7\u00e3o da privatiza\u00e7\u00e3o para demais servi\u00e7os p\u00fablicos como sa\u00fade, seguran\u00e7a e educa\u00e7\u00e3o \u00e9 uma das preocupa\u00e7\u00f5es do senador.<\/p>\n<p>\u201cO governo diz: \u2018Se puder privatiza tudo\u2019. Mais de tr\u00eas milh\u00f5es de pessoas j\u00e1 sa\u00edram dos planos de sa\u00fade e foram para o SUS [Sistema \u00danico de Sa\u00fade]. V\u00e3o privatizar a seguran\u00e7a? Como vai ser? Mil\u00edcia privada para quem puder pagar? V\u00e3o privatizar a educa\u00e7\u00e3o?\u201d, questionou Paim.<\/p>\n<hr \/>\n<p><a href=\"https:\/\/www12.senado.leg.br\/noticias\/materias\/2019\/10\/14\/para-debatedores-privatizacao-de-empresas-de-dados-coloca-em-risco-a-soberania-nacional\" target=\"_blank\" rel=\"noopener noreferrer\"><strong><em>Com informa\u00e7\u00f5es da Ag\u00eancia Senado<\/em><\/strong><\/a><\/p>\n<p><strong>Fonte: Rede Brasil Atual<\/strong><\/p>\n","protected":false},"excerpt":{"rendered":"<p>A privatiza\u00e7\u00e3o de empresas de tecnologia e processamento de dados, como o Servi\u00e7o Federal de Processamento de Dados (Serpro) e a Empresa de Tecnologia e Informa\u00e7\u00f5es da Previd\u00eancia Social (Dataprev), coloca em jogo a\u00a0soberania nacional. Assim avaliam os debatedores que participaram da audi\u00eancia p\u00fablica realizada nesta segunda-feira (14), na Comiss\u00e3o de Direitos Humanos e Legisla\u00e7\u00e3o [&hellip;]<\/p>\n","protected":false},"author":2,"featured_media":7719,"comment_status":"","ping_status":"","sticky":false,"template":"","format":"standard","meta":{"footnotes":""},"categories":[3],"tags":[],"class_list":["post-7720","post","type-post","status-publish","format-standard","has-post-thumbnail","hentry","category-noticias"],"_links":{"self":[{"href":"https:\/\/hostnetart.com.br\/baixada\/wp-json\/wp\/v2\/posts\/7720","targetHints":{"allow":["GET"]}}],"collection":[{"href":"https:\/\/hostnetart.com.br\/baixada\/wp-json\/wp\/v2\/posts"}],"about":[{"href":"https:\/\/hostnetart.com.br\/baixada\/wp-json\/wp\/v2\/types\/post"}],"author":[{"embeddable":true,"href":"https:\/\/hostnetart.com.br\/baixada\/wp-json\/wp\/v2\/users\/2"}],"replies":[{"embeddable":true,"href":"https:\/\/hostnetart.com.br\/baixada\/wp-json\/wp\/v2\/comments?post=7720"}],"version-history":[{"count":0,"href":"https:\/\/hostnetart.com.br\/baixada\/wp-json\/wp\/v2\/posts\/7720\/revisions"}],"wp:featuredmedia":[{"embeddable":true,"href":"https:\/\/hostnetart.com.br\/baixada\/wp-json\/wp\/v2\/media\/7719"}],"wp:attachment":[{"href":"https:\/\/hostnetart.com.br\/baixada\/wp-json\/wp\/v2\/media?parent=7720"}],"wp:term":[{"taxonomy":"category","embeddable":true,"href":"https:\/\/hostnetart.com.br\/baixada\/wp-json\/wp\/v2\/categories?post=7720"},{"taxonomy":"post_tag","embeddable":true,"href":"https:\/\/hostnetart.com.br\/baixada\/wp-json\/wp\/v2\/tags?post=7720"}],"curies":[{"name":"wp","href":"https:\/\/api.w.org\/{rel}","templated":true}]}}