{"id":7714,"date":"2019-10-15T14:08:52","date_gmt":"2019-10-15T17:08:52","guid":{"rendered":"https:\/\/hostnetart.com.br\/baixada\/saque-do-fgts-para-quem-nao-tem-conta-na-caixa-comeca-na-proxima-sexta-feira-18\/"},"modified":"2019-10-15T14:08:52","modified_gmt":"2019-10-15T17:08:52","slug":"saque-do-fgts-para-quem-nao-tem-conta-na-caixa-comeca-na-proxima-sexta-feira-18","status":"publish","type":"post","link":"https:\/\/hostnetart.com.br\/baixada\/saque-do-fgts-para-quem-nao-tem-conta-na-caixa-comeca-na-proxima-sexta-feira-18\/","title":{"rendered":"Saque do FGTS para quem n\u00e3o tem conta na Caixa come\u00e7a na pr\u00f3xima sexta-feira (18)"},"content":{"rendered":"<p>O\u00a0<a href=\"https:\/\/recontaai.com.br\/2019\/10\/14\/saque-fgts-nao-correntistas\/\" target=\"_blank\" rel=\"noopener noreferrer\">saque do Fundo de Garantia do Tempo de Servi\u00e7o (FGTS)<\/a>\u00a0para quem n\u00e3o tem conta na Caixa Econ\u00f4mica Federal come\u00e7a na pr\u00f3xima sexta-feira (18). Os trabalhadores nascidos em janeiro que optaram por sacar os recursos ser\u00e3o os primeiros receber. O limite para saque \u00e9 de R$ 500 por conta, seja ativa ou inativa. A Caixa iniciou no m\u00eas passado o dep\u00f3sito autom\u00e1tico para os correntistas, seguindo calend\u00e1rio de m\u00eas de nascimento. Quem tem conta-poupan\u00e7a na Caixa recebe o dinheiro automaticamente. O trabalhador que n\u00e3o quiser receber, deve realizar o desfazimento.<\/p>\n<p>Criado em 1966, o FGTS \u00e9 uma esp\u00e9cie de poupan\u00e7a dos trabalhadores, formado pelo valor depositado mensalmente pelos empregadores para casos de demiss\u00e3o, doen\u00e7as graves ou at\u00e9 para aquisi\u00e7\u00e3o da casa pr\u00f3pria. A gest\u00e3o do Fundo era descentralizada at\u00e9 os anos de 1990, com participa\u00e7\u00e3o de dezenas de bancos. Neste per\u00edodo, os trabalhadores perderam muito de seus recursos, pois cada empresa depositava o dinheiro do trabalhador, no banco que preferia. Quando os trabalhadores mudavam de empresa, tinham que correr atr\u00e1s desse dinheiro.<\/p>\n<p>Atualmente, o fundo \u00e9 gerido pela Caixa, um banco p\u00fablico que, com parte dos recursos do FGTS, financia a realiza\u00e7\u00e3o de obras de infraestrutura nas cidades e para financiar programas como o Minha Casa Minha Vida.<\/p>\n<p>Por\u00e9m, a Medida Provis\u00f3ria (MP 889\/2019), apresentada ao Congresso Nacional pelo governo Bolsonaro, permite que a gest\u00e3o do Fundo de Garantia do Tempo de Servi\u00e7o (FGTS) seja realizada por bancos privados.<\/p>\n<p>O<a href=\"https:\/\/recontaai.com.br\/2019\/10\/11\/afinal-por-que-e-tao-importante-que-a-gestao-do-fgts-continue-com-a-caixa-economica\/\">\u00a0fim da gest\u00e3o do FGTS pela Caixa Econ\u00f4mica pode significar muito mais<\/a>: al\u00e9m do enfraquecimento destes programas, pode complicar a vida do trabalhador \u2013 que ter\u00e1 que procurar em v\u00e1rios bancos onde est\u00e3o os rendimentos do seu FGTS, j\u00e1 que cada empresa poder\u00e1 escolher onde depositar \u2013 al\u00e9m de gerar lucro apenas aos bancos privados.<\/p>\n<p>\u201cAl\u00e9m de tentar privatizar empresas e acabar com os direitos trabalhistas, o atual governo entreguista \u2013 a servi\u00e7o dos bancos privados \u2013 quer privatizar tamb\u00e9m o FGTS\u201d, alertou\u00a0<a href=\"https:\/\/contrafcut.com.br\/?s=dion%C3%ADsio+reis\" target=\"_blank\" rel=\"noopener noreferrer\">Dion\u00edsio Reis<\/a>, coordenador da Comiss\u00e3o Executiva dos Empregados (CEE) da Caixa.<\/p>\n<p><strong>Fonte: Contraf-CUT<\/strong><\/p>\n","protected":false},"excerpt":{"rendered":"<p>O\u00a0saque do Fundo de Garantia do Tempo de Servi\u00e7o (FGTS)\u00a0para quem n\u00e3o tem conta na Caixa Econ\u00f4mica Federal come\u00e7a na pr\u00f3xima sexta-feira (18). Os trabalhadores nascidos em janeiro que optaram por sacar os recursos ser\u00e3o os primeiros receber. O limite para saque \u00e9 de R$ 500 por conta, seja ativa ou inativa. A Caixa iniciou [&hellip;]<\/p>\n","protected":false},"author":2,"featured_media":7713,"comment_status":"","ping_status":"","sticky":false,"template":"","format":"standard","meta":{"footnotes":""},"categories":[3],"tags":[],"class_list":["post-7714","post","type-post","status-publish","format-standard","has-post-thumbnail","hentry","category-noticias"],"_links":{"self":[{"href":"https:\/\/hostnetart.com.br\/baixada\/wp-json\/wp\/v2\/posts\/7714","targetHints":{"allow":["GET"]}}],"collection":[{"href":"https:\/\/hostnetart.com.br\/baixada\/wp-json\/wp\/v2\/posts"}],"about":[{"href":"https:\/\/hostnetart.com.br\/baixada\/wp-json\/wp\/v2\/types\/post"}],"author":[{"embeddable":true,"href":"https:\/\/hostnetart.com.br\/baixada\/wp-json\/wp\/v2\/users\/2"}],"replies":[{"embeddable":true,"href":"https:\/\/hostnetart.com.br\/baixada\/wp-json\/wp\/v2\/comments?post=7714"}],"version-history":[{"count":0,"href":"https:\/\/hostnetart.com.br\/baixada\/wp-json\/wp\/v2\/posts\/7714\/revisions"}],"wp:featuredmedia":[{"embeddable":true,"href":"https:\/\/hostnetart.com.br\/baixada\/wp-json\/wp\/v2\/media\/7713"}],"wp:attachment":[{"href":"https:\/\/hostnetart.com.br\/baixada\/wp-json\/wp\/v2\/media?parent=7714"}],"wp:term":[{"taxonomy":"category","embeddable":true,"href":"https:\/\/hostnetart.com.br\/baixada\/wp-json\/wp\/v2\/categories?post=7714"},{"taxonomy":"post_tag","embeddable":true,"href":"https:\/\/hostnetart.com.br\/baixada\/wp-json\/wp\/v2\/tags?post=7714"}],"curies":[{"name":"wp","href":"https:\/\/api.w.org\/{rel}","templated":true}]}}