{"id":7710,"date":"2019-10-14T16:59:39","date_gmt":"2019-10-14T19:59:39","guid":{"rendered":"https:\/\/hostnetart.com.br\/baixada\/quem-perdeu-e-quem-ganhou-com-o-golpe-por-marcio-pochmann\/"},"modified":"2019-10-14T16:59:39","modified_gmt":"2019-10-14T19:59:39","slug":"quem-perdeu-e-quem-ganhou-com-o-golpe-por-marcio-pochmann","status":"publish","type":"post","link":"https:\/\/hostnetart.com.br\/baixada\/quem-perdeu-e-quem-ganhou-com-o-golpe-por-marcio-pochmann\/","title":{"rendered":"Quem perdeu e quem ganhou com o golpe. Por Marcio Pochmann"},"content":{"rendered":"<p>Desde o <a href=\"https:\/\/www.redebrasilatual.com.br\/tag\/do-golpe-ao-caos\" target=\"_blank\" rel=\"noopener noreferrer\">golpe de Estado em 2016<\/a> os objetivos priorit\u00e1rios dos governantes neoliberais, privatistas e pr\u00f3-mercado subordinados \u00e0 l\u00f3gica internacional voltam-se para uma \u201creprimariza\u00e7\u00e3o\u201d da economia. Essa tend\u00eancia se expressa pela explora\u00e7\u00e3o da produ\u00e7\u00e3o de recursos naturais e de m\u00e3o de obra barata. Para tanto, as atividades mais complexas, intensivas em investimento e tecnologias ficam para tr\u00e1s, como os de manufatura consumidos internamente, considerados pela elite dirigente de qualidade inferior e de elevados custos, somente viabilizados por subven\u00e7\u00f5es estatais e prote\u00e7\u00e3o tarif\u00e1ria.<\/p>\n<p>Por for\u00e7a da recess\u00e3o recente, a capacidade de produ\u00e7\u00e3o industrial ampliou a ociosidade, distanciando-se dos investimentos em inova\u00e7\u00f5es tecnol\u00f3gicas e comprometendo os ganhos de produtividade. A redu\u00e7\u00e3o no n\u00edvel da demanda agregada decorreu da eleva\u00e7\u00e3o do desemprego e da subutiliza\u00e7\u00e3o de trabalhadores, fazendo crescer a pobreza e desigualdade da renda, com o esvaziamento das pol\u00edticas p\u00fablicas de bem-estar social.<\/p>\n<p>Nesse sentido, os grandes perdedores do golpismo t\u00eam sido os setores industriais e as micro e pequenas empresas de servi\u00e7os diante do acirramento da competi\u00e7\u00e3o frente ao apequenamento do mercado interno de consumo. A contrapartida da desacelera\u00e7\u00e3o da produtividade e da imposi\u00e7\u00e3o de altos custos internos tornam as possibilidades de importa\u00e7\u00e3o cada vez mais concretas, retomando o modo de produ\u00e7\u00e3o substitu\u00eddo por importa\u00e7\u00f5es.<\/p>\n<p>Com isso, ocorre o abandono das fontes internas de expans\u00e3o da quantidade de empregos e das condi\u00e7\u00f5es necess\u00e1rias para a eleva\u00e7\u00e3o da qualidade dos postos de trabalho. O resultado tem sido a conviv\u00eancia com a desocupa\u00e7\u00e3o em massa, inclusive para os segmentos de maior escolariza\u00e7\u00e3o, cujas taxas de desemprego alcan\u00e7am cerca de um ter\u00e7o de mestres e um quarto de doutores.<\/p>\n<p>A fuga de c\u00e9rebros tem sido o caminho sugerido para a parcela da for\u00e7a de trabalho subjugada pelo mercado de trabalho profundamente deprimido. As ocupa\u00e7\u00f5es que restam nas atividades legais da economia s\u00e3o, em geral, as precarizadas pela aus\u00eancia da contrata\u00e7\u00e3o formal, inseguran\u00e7a temporal, maior jornada de trabalho e contida remunera\u00e7\u00e3o.<\/p>\n<p>Nas atividades ilegais, a economia brasileira tem proliferado, embora as informa\u00e7\u00f5es emp\u00edricas sejam de fr\u00e1gil comprova\u00e7\u00e3o, por pressuposto. Mas no \u00e2mbito da contraven\u00e7\u00e3o, corrup\u00e7\u00e3o e ilegalidades em geral, as ocupa\u00e7\u00f5es em amplia\u00e7\u00e3o consideradas informais remuneradas e aquelas realizadas sem a monetiza\u00e7\u00e3o sustentam cada vez mais a sobreviv\u00eancia das massas sobrantes aos interesses do capitalismo brasileiro.<\/p>\n<p>De certa forma, parece alterar o aprendizado deixado pelo professor <a href=\"https:\/\/pt.wikipedia.org\/wiki\/Francisco_de_Oliveira\" target=\"_blank\" rel=\"noopener noreferrer\">Francisco de Oliveira<\/a> que no seu livro <em>Cr\u00edtica \u00e0 Rraz\u00e3o Dualista \u2013 O Ornitorrinco<\/em> descreveu com perfei\u00e7\u00e3o a funcionalidade da informalidade das massas empobrecidas ao desenvolvimento do capitalismo brasileiro ao longo do s\u00e9culo 20. Mas esse padr\u00e3o tupiniquim de superexplora\u00e7\u00e3o da for\u00e7a de trabalho estendido pela industrializa\u00e7\u00e3o nacional est\u00e1 ficando para tr\u00e1s, pois, com os governos depois do golpe, o modelo de capitalismo poss\u00edvel \u00e9 o que descarta talvez 40% da popula\u00e7\u00e3o, justamente aquela parcela que se integrava at\u00e9 pouco tempo pelo emprego destru\u00eddo pela recess\u00e3o e pelos programas sociais atualmente desmontados pela austeridade fiscal.<\/p>\n<p>Diante de tantos perdedores, registrado pela desaprova\u00e7\u00e3o governamental, a manuten\u00e7\u00e3o de pol\u00edticas neoliberais, privatistas e pr\u00f3-mercado subordinados \u00e0 l\u00f3gica internacional seria imposs\u00edvel, n\u00e3o fossem seus ganhadores a alimentar o poder pol\u00edtico e midi\u00e1tico. Nesse sentido, os grandes grupos econ\u00f4micos a explorar a agropecu\u00e1ria e extrativismo mineral e vegetal para a exporta\u00e7\u00e3o, as empresas fortemente concentradas e transnacionalizadas associadas \u00e0 redu\u00e7\u00e3o de custos de produ\u00e7\u00e3o pela retirada de direitos sociais e trabalhistas e desonera\u00e7\u00f5es fiscais e subs\u00eddios financeiros.<\/p>\n<p>Mesmo com a trajet\u00f3ria regressiva da economia brasileira nos \u00faltimos cinco anos, o setor financeiro seguiu cada vez mais poderoso, operando com lucros extraordin\u00e1rios. A conten\u00e7\u00e3o do cr\u00e9dito p\u00fablico privado foi compat\u00edvel com a amplitude da financeiriza\u00e7\u00e3o improdutiva, alimentada pelo sistema de d\u00edvidas que torna o endividamento p\u00fablico e as pol\u00edticas de austeridade fiscais e desmonte do Estado vassalas dos interesses diretos dos ganhadores priorit\u00e1rios dos governos do ap\u00f3s golpismo de 2016.<\/p>\n<hr \/>\n<p><a href=\"https:\/\/www.redebrasilatual.com.br\/tag\/marcio-pochmann\" target=\"_blank\" rel=\"noopener noreferrer\"><img fetchpriority=\"high\" decoding=\"async\" class=\"size-full wp-image-372853 alignleft\" src=\"https:\/\/www.redebrasilatual.com.br\/wp-content\/uploads\/2019\/08\/marciopochmann-1.jpg\" sizes=\"(max-width: 360px) 100vw, 360px\" srcset=\"https:\/\/www.redebrasilatual.com.br\/wp-content\/uploads\/2019\/08\/marciopochmann-1.jpg 360w, https:\/\/www.redebrasilatual.com.br\/wp-content\/uploads\/2019\/08\/marciopochmann-1-300x138.jpg 300w\" alt=\"\" width=\"360\" height=\"166\" \/><\/a><\/p>\n<div class=\"penci-single-link-pages\">\u00a0<\/div>\n","protected":false},"excerpt":{"rendered":"<p>Desde o golpe de Estado em 2016 os objetivos priorit\u00e1rios dos governantes neoliberais, privatistas e pr\u00f3-mercado subordinados \u00e0 l\u00f3gica internacional voltam-se para uma \u201creprimariza\u00e7\u00e3o\u201d da economia. Essa tend\u00eancia se expressa pela explora\u00e7\u00e3o da produ\u00e7\u00e3o de recursos naturais e de m\u00e3o de obra barata. Para tanto, as atividades mais complexas, intensivas em investimento e tecnologias ficam [&hellip;]<\/p>\n","protected":false},"author":2,"featured_media":7709,"comment_status":"","ping_status":"","sticky":false,"template":"","format":"standard","meta":{"footnotes":""},"categories":[3],"tags":[],"class_list":["post-7710","post","type-post","status-publish","format-standard","has-post-thumbnail","hentry","category-noticias"],"_links":{"self":[{"href":"https:\/\/hostnetart.com.br\/baixada\/wp-json\/wp\/v2\/posts\/7710","targetHints":{"allow":["GET"]}}],"collection":[{"href":"https:\/\/hostnetart.com.br\/baixada\/wp-json\/wp\/v2\/posts"}],"about":[{"href":"https:\/\/hostnetart.com.br\/baixada\/wp-json\/wp\/v2\/types\/post"}],"author":[{"embeddable":true,"href":"https:\/\/hostnetart.com.br\/baixada\/wp-json\/wp\/v2\/users\/2"}],"replies":[{"embeddable":true,"href":"https:\/\/hostnetart.com.br\/baixada\/wp-json\/wp\/v2\/comments?post=7710"}],"version-history":[{"count":0,"href":"https:\/\/hostnetart.com.br\/baixada\/wp-json\/wp\/v2\/posts\/7710\/revisions"}],"wp:featuredmedia":[{"embeddable":true,"href":"https:\/\/hostnetart.com.br\/baixada\/wp-json\/wp\/v2\/media\/7709"}],"wp:attachment":[{"href":"https:\/\/hostnetart.com.br\/baixada\/wp-json\/wp\/v2\/media?parent=7710"}],"wp:term":[{"taxonomy":"category","embeddable":true,"href":"https:\/\/hostnetart.com.br\/baixada\/wp-json\/wp\/v2\/categories?post=7710"},{"taxonomy":"post_tag","embeddable":true,"href":"https:\/\/hostnetart.com.br\/baixada\/wp-json\/wp\/v2\/tags?post=7710"}],"curies":[{"name":"wp","href":"https:\/\/api.w.org\/{rel}","templated":true}]}}