{"id":7708,"date":"2019-10-14T16:57:42","date_gmt":"2019-10-14T19:57:42","guid":{"rendered":"https:\/\/hostnetart.com.br\/baixada\/nota-de-esclarecimento-sobre-a-cassi\/"},"modified":"2019-10-14T16:57:42","modified_gmt":"2019-10-14T19:57:42","slug":"nota-de-esclarecimento-sobre-a-cassi","status":"publish","type":"post","link":"https:\/\/hostnetart.com.br\/baixada\/nota-de-esclarecimento-sobre-a-cassi\/","title":{"rendered":"NOTA DE ESCLARECIMENTO SOBRE A CASSI"},"content":{"rendered":"<p><strong>A Cassi e as entidades de representa\u00e7\u00e3o dos funcion\u00e1rios da ativa e aposentados (Contraf-CUT, Anabb, AAFBB, FAABB e Contec), cumprindo delibera\u00e7\u00e3o do Conselho Deliberativo da pr\u00f3pria Cassi, se reuniram nesta semana, de ter\u00e7a a quinta-feira (8, 9 e 10\/10) em Bras\u00edlia, para debater uma alternativa para buscar o equil\u00edbrio da Cassi.<\/p>\n<p>Concordamos em atualizar as informa\u00e7\u00f5es e apresentar proposta para, ao final, encontrarmos uma solu\u00e7\u00e3o de consenso entre as entidades e os eleitos da Cassi.<\/p>\n<p>Ap\u00f3s dois dias e meio de debates, Contraf-CUT, Anabb, AAFBB e FAABB foram surpreendidas pela sa\u00edda da Contec do grupo de reflex\u00f5es e, mais ainda, por uma nota publicada no site da entidade acusando todas as demais. Em sua nota, a Contec informou ainda que interrompeu sua participa\u00e7\u00e3o no grupo e insistiu para que o banco reabra a mesa de negocia\u00e7\u00f5es sobre a Cassi. Por isso, ap\u00f3s sa\u00edda repentina da Contec, sequer conseguimos concluir os debates sobre solu\u00e7\u00f5es para nossa Caixa de Assist\u00eancia.<\/p>\n<p>N\u00e3o entendemos a iniciativa da Contec, pois ela e todos os conselheiros eleitos participaram, desde o in\u00edcio, das conversa\u00e7\u00f5es em busca da solu\u00e7\u00e3o. Ainda n\u00e3o est\u00e1vamos construindo uma proposta, mas apenas refletindo e atualizando as informa\u00e7\u00f5es. Vale ressaltar que, na parte de governan\u00e7a, j\u00e1 t\u00ednhamos constru\u00eddo consenso entre as entidades, os dois diretores e conselheiros eleitos (Faraco e Karen D\u2019\u00c1vila). De repente, a Contec abandonou o grupo.<\/p>\n<p>Ao afirmar que vai <em>\u201ccontinuar insistindo para que o Banco reabra a mesa de negocia\u00e7\u00f5es\u201d<\/em>, em nota publicada em seu site, a Contec deixa claro o interesse de ela construir uma mesa paralela de negocia\u00e7\u00f5es com o banco. Isso \u00e9 leg\u00edtimo. J\u00e1 acontece na mesa de negocia\u00e7\u00f5es da campanha nacional dos banc\u00e1rios. Mas, queremos manter a unidade, inclusive com a Contec, e vamos aguardar que ela reflita sobre sua posi\u00e7\u00e3o e retorne para o grupo.<\/p>\n<p>Ao nos reunir em videoconfer\u00eancia nesta sexta-feira (11), inclusive com a Contec, sab\u00edamos e deixamos claro que existem diverg\u00eancias entre as entidades. Continuamos prezando pela unidade em busca de uma solu\u00e7\u00e3o comum. Aguardaremos o retorno da Contec ao grupo, mas, diante do prazo ex\u00edguo, vamos continuar unidas e manter as atividades para construirmos uma solu\u00e7\u00e3o que impe\u00e7a a aliena\u00e7\u00e3o da carteira da Cassi, e atenda os interesses dos associados.<\/p>\n<p>Contraf-CUT, Anabb, AAFBB e FAABB<\/strong><\/p>\n","protected":false},"excerpt":{"rendered":"<p>A Cassi e as entidades de representa\u00e7\u00e3o dos funcion\u00e1rios da ativa e aposentados (Contraf-CUT, Anabb, AAFBB, FAABB e Contec), cumprindo delibera\u00e7\u00e3o do Conselho Deliberativo da pr\u00f3pria Cassi, se reuniram nesta semana, de ter\u00e7a a quinta-feira (8, 9 e 10\/10) em Bras\u00edlia, para debater uma alternativa para buscar o equil\u00edbrio da Cassi. Concordamos em atualizar as [&hellip;]<\/p>\n","protected":false},"author":2,"featured_media":7707,"comment_status":"","ping_status":"","sticky":false,"template":"","format":"standard","meta":{"footnotes":""},"categories":[3],"tags":[],"class_list":["post-7708","post","type-post","status-publish","format-standard","has-post-thumbnail","hentry","category-noticias"],"_links":{"self":[{"href":"https:\/\/hostnetart.com.br\/baixada\/wp-json\/wp\/v2\/posts\/7708","targetHints":{"allow":["GET"]}}],"collection":[{"href":"https:\/\/hostnetart.com.br\/baixada\/wp-json\/wp\/v2\/posts"}],"about":[{"href":"https:\/\/hostnetart.com.br\/baixada\/wp-json\/wp\/v2\/types\/post"}],"author":[{"embeddable":true,"href":"https:\/\/hostnetart.com.br\/baixada\/wp-json\/wp\/v2\/users\/2"}],"replies":[{"embeddable":true,"href":"https:\/\/hostnetart.com.br\/baixada\/wp-json\/wp\/v2\/comments?post=7708"}],"version-history":[{"count":0,"href":"https:\/\/hostnetart.com.br\/baixada\/wp-json\/wp\/v2\/posts\/7708\/revisions"}],"wp:featuredmedia":[{"embeddable":true,"href":"https:\/\/hostnetart.com.br\/baixada\/wp-json\/wp\/v2\/media\/7707"}],"wp:attachment":[{"href":"https:\/\/hostnetart.com.br\/baixada\/wp-json\/wp\/v2\/media?parent=7708"}],"wp:term":[{"taxonomy":"category","embeddable":true,"href":"https:\/\/hostnetart.com.br\/baixada\/wp-json\/wp\/v2\/categories?post=7708"},{"taxonomy":"post_tag","embeddable":true,"href":"https:\/\/hostnetart.com.br\/baixada\/wp-json\/wp\/v2\/tags?post=7708"}],"curies":[{"name":"wp","href":"https:\/\/api.w.org\/{rel}","templated":true}]}}