{"id":7702,"date":"2019-10-10T21:52:39","date_gmt":"2019-10-11T00:52:39","guid":{"rendered":"https:\/\/hostnetart.com.br\/baixada\/nova-direcao-mesma-luta-cut-promete-para-dia-30-grande-ato-contra-atual-politica-economica\/"},"modified":"2019-10-10T21:52:39","modified_gmt":"2019-10-11T00:52:39","slug":"nova-direcao-mesma-luta-cut-promete-para-dia-30-grande-ato-contra-atual-politica-economica","status":"publish","type":"post","link":"https:\/\/hostnetart.com.br\/baixada\/nova-direcao-mesma-luta-cut-promete-para-dia-30-grande-ato-contra-atual-politica-economica\/","title":{"rendered":"Nova dire\u00e7\u00e3o, mesma luta: CUT promete para dia 30 grande ato contra atual pol\u00edtica econ\u00f4mica"},"content":{"rendered":"<p>Praia Grande (SP) \u2013 \u201cDia 30 vamos ocupar as ruas de Bras\u00edlia\u201d, afirmou o <a href=\"https:\/\/www.redebrasilatual.com.br\/trabalho\/2019\/10\/sergio-nobre-presidente-cut\/\" target=\"_blank\" rel=\"noopener noreferrer\">novo presidente da CUT, S\u00e9rgio Nobre<\/a>, no encerramento do 13\u00ba Congresso Nacional da central, no in\u00edcio da tarde desta quinta-feira (10), em Praia Grande, litoral paulista. O ato de \u201cestreia\u201d da nova dire\u00e7\u00e3o \u00e9 contra a pol\u00edtica econ\u00f4mica, particularmente o projeto de \u201creforma\u201d da Previd\u00eancia.<\/p>\n<p>Com 1.705 delegados credenciados (1.957 no total), sendo 57% homens e 43% mulheres, o congresso cutista terminou, como em 2015, com chapa \u00fanica, eleita por aclama\u00e7\u00e3o e anunciada por J\u00falio Turra, que deixa a executiva depois de 25 anos. Al\u00e9m de S\u00e9rgio, a vice-presid\u00eancia ser\u00e1 ocupada por Vagner Freitas, agora ex-presidente. Pela primeira vez haver\u00e1 uma mulher na estrat\u00e9gica Secretaria-Geral: Carmen Foro, do setor rural, at\u00e9 ent\u00e3o vice.<\/p>\n<p>Carmen disse s\u00f3 ter se tornado uma lideran\u00e7a gra\u00e7as \u00e0 Contag, confedera\u00e7\u00e3o da qual \u00e9 origin\u00e1ria, e \u00e0 luta das mulheres. \u201cS\u00f3 podemos enfrentar os desafios se tivermos muita solidariedade entre n\u00f3s\u201d, afirmou, pedindo \u201ccoragem, muita determina\u00e7\u00e3o e unidade\u201d.<\/p>\n<p>\u201cA classe trabalhadora precisa que estejamos atentos e firmes para enfrentar o que vir\u00e1\u201d, acrescentou, citando as propostas de \u201creforma\u201d sindical que come\u00e7am a ser discutidas. Ela defendeu um \u201csindicalismo livre, desatrelado do Estado e com possibilidade de autofinanciamento\u201d.<\/p>\n<p>O novo presidente da CUT disse que os trabalhadores vivem seu momento mais dif\u00edcil. \u201cSei que o per\u00edodo ser\u00e1 dur\u00edssimo, mas tamb\u00e9m sei que lideran\u00e7a se forja na luta\u201d, refor\u00e7ou S\u00e9rgio Nobre. Coordenador da Articula\u00e7\u00e3o Sindical, ele tamb\u00e9m falou em unidade interna e destacou a \u201crela\u00e7\u00e3o respeitosa\u201d entre as correntes que atuam na central.<\/p>\n<p>Nobre disse ainda sentir frustra\u00e7\u00e3o pela aus\u00eancia do ex-presidente Luiz In\u00e1cio Lula da Silva, que visitou na semana passada. O congresso teve como temas centrais a democracia e a liberdade para Lula, que recomendou \u00e0 nova dire\u00e7\u00e3o cutista intensificar a conversa com a popula\u00e7\u00e3o.<\/p>\n<p>Agora vice, Vagner refor\u00e7ou o discurso. \u201cA burguesia \u00e9 louca para destruir, para enfraquecer a CUT. Mas n\u00e3o conseguiram. Estamos aqui, firmes e fortes, absolutamente unidos e organizados, com a responsabilidade de libertar o presidente Lula.\u201d<\/p>\n<p><strong>Fonte: Rede Brasil Atual<\/strong><\/p>\n","protected":false},"excerpt":{"rendered":"<p>Praia Grande (SP) \u2013 \u201cDia 30 vamos ocupar as ruas de Bras\u00edlia\u201d, afirmou o novo presidente da CUT, S\u00e9rgio Nobre, no encerramento do 13\u00ba Congresso Nacional da central, no in\u00edcio da tarde desta quinta-feira (10), em Praia Grande, litoral paulista. O ato de \u201cestreia\u201d da nova dire\u00e7\u00e3o \u00e9 contra a pol\u00edtica econ\u00f4mica, particularmente o projeto [&hellip;]<\/p>\n","protected":false},"author":2,"featured_media":7701,"comment_status":"","ping_status":"","sticky":false,"template":"","format":"standard","meta":{"footnotes":""},"categories":[3],"tags":[],"class_list":["post-7702","post","type-post","status-publish","format-standard","has-post-thumbnail","hentry","category-noticias"],"_links":{"self":[{"href":"https:\/\/hostnetart.com.br\/baixada\/wp-json\/wp\/v2\/posts\/7702","targetHints":{"allow":["GET"]}}],"collection":[{"href":"https:\/\/hostnetart.com.br\/baixada\/wp-json\/wp\/v2\/posts"}],"about":[{"href":"https:\/\/hostnetart.com.br\/baixada\/wp-json\/wp\/v2\/types\/post"}],"author":[{"embeddable":true,"href":"https:\/\/hostnetart.com.br\/baixada\/wp-json\/wp\/v2\/users\/2"}],"replies":[{"embeddable":true,"href":"https:\/\/hostnetart.com.br\/baixada\/wp-json\/wp\/v2\/comments?post=7702"}],"version-history":[{"count":0,"href":"https:\/\/hostnetart.com.br\/baixada\/wp-json\/wp\/v2\/posts\/7702\/revisions"}],"wp:featuredmedia":[{"embeddable":true,"href":"https:\/\/hostnetart.com.br\/baixada\/wp-json\/wp\/v2\/media\/7701"}],"wp:attachment":[{"href":"https:\/\/hostnetart.com.br\/baixada\/wp-json\/wp\/v2\/media?parent=7702"}],"wp:term":[{"taxonomy":"category","embeddable":true,"href":"https:\/\/hostnetart.com.br\/baixada\/wp-json\/wp\/v2\/categories?post=7702"},{"taxonomy":"post_tag","embeddable":true,"href":"https:\/\/hostnetart.com.br\/baixada\/wp-json\/wp\/v2\/tags?post=7702"}],"curies":[{"name":"wp","href":"https:\/\/api.w.org\/{rel}","templated":true}]}}