{"id":7690,"date":"2019-10-09T14:17:21","date_gmt":"2019-10-09T17:17:21","guid":{"rendered":"https:\/\/hostnetart.com.br\/baixada\/pais-tem-deflacao-em-setembro-precos-de-alimentos-caem-planos-de-saude-tem-alta\/"},"modified":"2019-10-09T14:17:21","modified_gmt":"2019-10-09T17:17:21","slug":"pais-tem-deflacao-em-setembro-precos-de-alimentos-caem-planos-de-saude-tem-alta","status":"publish","type":"post","link":"https:\/\/hostnetart.com.br\/baixada\/pais-tem-deflacao-em-setembro-precos-de-alimentos-caem-planos-de-saude-tem-alta\/","title":{"rendered":"Pa\u00eds tem defla\u00e7\u00e3o em setembro. Pre\u00e7os de alimentos caem, planos de sa\u00fade t\u00eam alta"},"content":{"rendered":"<p>O\u00a0\u00cdndice Nacional de Pre\u00e7os ao Consumidor Amplo<strong>\u00a0(IPCA)<\/strong>\u00a0variou -0,04% em setembro, menor taxa para o m\u00eas desde 1998. Em agosto, o indicador que mede a infla\u00e7\u00e3o oficial no pa\u00eds foi de 0,11%, segundo informou o IBGE nesta quarta-feira (9). Agora, o IPCA soma 2,49% no ano e 2,89% em 12 meses. Embora a infla\u00e7\u00e3o em n\u00edvel mais baixo seja positiva para o assalariado, pode indicar tamb\u00e9m atividade fraca ou recess\u00e3o,\u00a0<a href=\"https:\/\/www.redebrasilatual.com.br\/economia\/2019\/09\/trabalho-sem-carteira-e-autonomo-cresce-bate-recorde-e-segura-taxa-de-desemprego\/\" target=\"_blank\" rel=\"noopener noreferrer\">em um pa\u00eds que registra recorde de informalidade no mercado de trabalho<\/a>.<\/p>\n<p>Tr\u00eas dos nove grupos que comp\u00f5em o IPCA tiveram defla\u00e7\u00e3o, com destaque para o de maior peso. Apenas Alimenta\u00e7\u00e3o e Bebidas (-0,43% em setembro) respondeu por -0,11 ponto percentual no resultado do m\u00eas. Artigos de Resid\u00eancia caiu ainda mais: -0,76%, com -0,03 ponto. Entre as altas, Sa\u00fade e Cuidados Pessoais registrou varia\u00e7\u00e3o de 0,58% e contribuiu com 0,07 ponto.<\/p>\n<p>Segundo o IBGE, a alimenta\u00e7\u00e3o fora de casa variou pouco, 0,04%, ante 0,53% em agosto. Enquanto o lanche subiu 0,17%, a refei\u00e7\u00e3o caiu 0,06%. J\u00e1 a alimenta\u00e7\u00e3o no domic\u00edlio teve nova queda, agora de 0,70%, ante -0,84% no m\u00eas anterior.<\/p>\n<p>V\u00e1rios produtos tiveram queda nos pre\u00e7os, de acordo com o instituto: tomate (-16,17%, maior impacto individual negativo no m\u00eas, varia\u00e7\u00e3o de -0,04 ponto), batata inglesa (-8,42%), cebola (-9,89%) e frutas (-1,79%). Entre os produtos que subiram de pre\u00e7o, se destacam leite longa vida (1,58%) e carnes (0,25%), que haviam tido defla\u00e7\u00e3o em agosto.<\/p>\n<p>No grupo Artigos de Resid\u00eancia, dois itens pesaram na queda do m\u00eas. Os pre\u00e7os m\u00e9dios de eletrodom\u00e9sticos e equipamentos ca\u00edram 2,26%, enquanto itens de TV, som e inform\u00e1tica recuaram 0,90%.<\/p>\n<p>Em Sa\u00fade e Cuidados Pessoais, os itens de higiene subiram 1,65%, contribuindo com 0,04 ponto para o resultado mensal. Tamb\u00e9m aumentaram os custos com plano de sa\u00fade: de 0,03%, em agosto, para 0,57%, depois de reajuste autorizado pela\u00a0\u00a0Ag\u00eancia Nacional de Sa\u00fade Suplementar (ANS).<\/p>\n<p>Habita\u00e7\u00e3o ficou perto da estabilidade, 0,02%, depois de subir 1,19% no m\u00eas anterior. O pre\u00e7o da energia n\u00e3o variou em setembro, com manuten\u00e7\u00e3o da bandeira tarif\u00e1ria, segundo o IBGE. O pre\u00e7o m\u00e9dio do g\u00e1s de botij\u00e3o caiu 0,17% e a taxa de \u00e1gua e esgoto aumentou 0,09%.<\/p>\n<p>Transportes, grupo est\u00e1vel no m\u00eas, teve alta de 0,12% nos combust\u00edveis, com aumento do etanol (0,46%) e de \u00f3leo diesel (2,56%), enquanto a gasolina caiu 0,04%. Tamb\u00e9m recuou o pre\u00e7o de passagens a\u00e9reas (-1,54%), o que representou impacto de -0,01 ponto no m\u00eas.<\/p>\n<p>Entre as \u00e1reas pesquisadas, a maior varia\u00e7\u00e3o do IPCA foi no munic\u00edpio de Goi\u00e2nia (0,41%). O menor foi na regi\u00e3o metropolitana de S\u00e3o Lu\u00eds (-0,22%).<\/p>\n<h5>INPC<\/h5>\n<p>O \u00cdndice Nacional de Pre\u00e7os ao Consumidor<strong>\u00a0(INPC)<\/strong>\u00a0variou -0,05%, ante 0,12% em agosto, tamb\u00e9m no menor resultado para setembro desde 1998. Com o resultado, soma 2,63% no ano e 2,92% em 12 meses.<\/p>\n<p>Os\u00a0produtos aliment\u00edcios\u00a0ca\u00edram 0,42%, apurou o IBGE. J\u00e1 os n\u00e3o aliment\u00edcios subiram 0,11%.<\/p>\n<p>\u00a0<\/p>\n<p><span style=\"text-decoration: underline;\"><strong>Fonte: Rede Brasil Atual<\/strong><\/span><\/p>\n","protected":false},"excerpt":{"rendered":"<p>O\u00a0\u00cdndice Nacional de Pre\u00e7os ao Consumidor Amplo\u00a0(IPCA)\u00a0variou -0,04% em setembro, menor taxa para o m\u00eas desde 1998. Em agosto, o indicador que mede a infla\u00e7\u00e3o oficial no pa\u00eds foi de 0,11%, segundo informou o IBGE nesta quarta-feira (9). Agora, o IPCA soma 2,49% no ano e 2,89% em 12 meses. Embora a infla\u00e7\u00e3o em n\u00edvel [&hellip;]<\/p>\n","protected":false},"author":2,"featured_media":7689,"comment_status":"","ping_status":"","sticky":false,"template":"","format":"standard","meta":{"footnotes":""},"categories":[3],"tags":[],"class_list":["post-7690","post","type-post","status-publish","format-standard","has-post-thumbnail","hentry","category-noticias"],"_links":{"self":[{"href":"https:\/\/hostnetart.com.br\/baixada\/wp-json\/wp\/v2\/posts\/7690","targetHints":{"allow":["GET"]}}],"collection":[{"href":"https:\/\/hostnetart.com.br\/baixada\/wp-json\/wp\/v2\/posts"}],"about":[{"href":"https:\/\/hostnetart.com.br\/baixada\/wp-json\/wp\/v2\/types\/post"}],"author":[{"embeddable":true,"href":"https:\/\/hostnetart.com.br\/baixada\/wp-json\/wp\/v2\/users\/2"}],"replies":[{"embeddable":true,"href":"https:\/\/hostnetart.com.br\/baixada\/wp-json\/wp\/v2\/comments?post=7690"}],"version-history":[{"count":0,"href":"https:\/\/hostnetart.com.br\/baixada\/wp-json\/wp\/v2\/posts\/7690\/revisions"}],"wp:featuredmedia":[{"embeddable":true,"href":"https:\/\/hostnetart.com.br\/baixada\/wp-json\/wp\/v2\/media\/7689"}],"wp:attachment":[{"href":"https:\/\/hostnetart.com.br\/baixada\/wp-json\/wp\/v2\/media?parent=7690"}],"wp:term":[{"taxonomy":"category","embeddable":true,"href":"https:\/\/hostnetart.com.br\/baixada\/wp-json\/wp\/v2\/categories?post=7690"},{"taxonomy":"post_tag","embeddable":true,"href":"https:\/\/hostnetart.com.br\/baixada\/wp-json\/wp\/v2\/tags?post=7690"}],"curies":[{"name":"wp","href":"https:\/\/api.w.org\/{rel}","templated":true}]}}