{"id":7686,"date":"2019-10-08T19:22:46","date_gmt":"2019-10-08T22:22:46","guid":{"rendered":"https:\/\/hostnetart.com.br\/baixada\/contraf-cut-envia-proposta-sobre-a-cassi-para-analise-do-bb\/"},"modified":"2019-10-08T19:22:46","modified_gmt":"2019-10-08T22:22:46","slug":"contraf-cut-envia-proposta-sobre-a-cassi-para-analise-do-bb","status":"publish","type":"post","link":"https:\/\/hostnetart.com.br\/baixada\/contraf-cut-envia-proposta-sobre-a-cassi-para-analise-do-bb\/","title":{"rendered":"Contraf-CUT envia proposta sobre a Cassi para an\u00e1lise do BB"},"content":{"rendered":"<p>A Confedera\u00e7\u00e3o Nacional dos Trabalhadores do Ramo Financeiro (Contraf-CUT), em comum acordo entre as entidades (Anabb, AAFBB, FAABB) que comp\u00f5em a mesa de negocia\u00e7\u00e3o sobre a Caixa de Assist\u00eancia dos Funcion\u00e1rios do Banco do Brasil (Cassi), encaminhou ao Banco do Brasil, nesta ter\u00e7a-feira (8), o \u201cManifesto \u2013 proposta\u201d de solu\u00e7\u00e3o para a Cassi, elaborado por um grupo de 26 pessoas, que participaram do Encontro Nacional de Sa\u00fade dos Funcion\u00e1rios do BB, no dia 28 de setembro.<\/p>\n<p>A Contraf-CUT solicitou que o banco analise e apresente uma resposta sobre a proposta, que sugere a revis\u00e3o provis\u00f3ria do custeio do Plano Associados da Cassi, a vigorar de janeiro de 2020 a dezembro de 2024.<\/p>\n<p>A proposta do documento, tornado p\u00fablico pelos seus signat\u00e1rios, prev\u00ea o aumento das contribui\u00e7\u00f5es dos associados da ativa e aposentados para 5,6% dos sal\u00e1rios ou benef\u00edcios de aposentadoria. Prop\u00f5e tamb\u00e9m o aumento das contribui\u00e7\u00f5es do patrocinador Banco do Brasil, dos atuais 4,5% para 8,4% dos sal\u00e1rios do pessoal da ativa, mantendo os 4,5% sobre os benef\u00edcios previdenci\u00e1rios, acrescido de 3,9% a t\u00edtulo de taxa de administra\u00e7\u00e3o.<\/p>\n<p>\u201cConsiderando que tal proposta implica no aumento das contribui\u00e7\u00f5es do Banco do Brasil como patrocinador e ter\u00e1 de ser acatada por ele, e considerando que sem esta majora\u00e7\u00e3o n\u00e3o faz sentido consultar os associados a respeito do aumento de suas pr\u00f3prias contribui\u00e7\u00f5es, encaminhamos o documento para aprecia\u00e7\u00e3o e solicitamos uma reposta do banco\u201d, explicou o coordenador da Comiss\u00e3o de Empresa dos Funcion\u00e1rios do Banco do Brasil (CEBB), Jo\u00e3o Fukunaga.<\/p>\n<p>\u201cAssim que o banco se manifestar a respeito, encaminharemos a resposta aos companheiros e, se for o caso, para aprecia\u00e7\u00e3o dos associados. Enquanto isso, conclamamos a todos participarem das manifesta\u00e7\u00f5es e atividades que v\u00eam sendo organizadas pelas entidades sindicais em defesa da Cassi\u201d, concluiu o coordenador da CEBB.<\/p>\n<p><strong>Fonte:<\/strong> <strong>Contraf-CUT<\/strong><\/p>\n","protected":false},"excerpt":{"rendered":"<p>A Confedera\u00e7\u00e3o Nacional dos Trabalhadores do Ramo Financeiro (Contraf-CUT), em comum acordo entre as entidades (Anabb, AAFBB, FAABB) que comp\u00f5em a mesa de negocia\u00e7\u00e3o sobre a Caixa de Assist\u00eancia dos Funcion\u00e1rios do Banco do Brasil (Cassi), encaminhou ao Banco do Brasil, nesta ter\u00e7a-feira (8), o \u201cManifesto \u2013 proposta\u201d de solu\u00e7\u00e3o para a Cassi, elaborado por [&hellip;]<\/p>\n","protected":false},"author":2,"featured_media":7685,"comment_status":"","ping_status":"","sticky":false,"template":"","format":"standard","meta":{"footnotes":""},"categories":[3],"tags":[],"class_list":["post-7686","post","type-post","status-publish","format-standard","has-post-thumbnail","hentry","category-noticias"],"_links":{"self":[{"href":"https:\/\/hostnetart.com.br\/baixada\/wp-json\/wp\/v2\/posts\/7686","targetHints":{"allow":["GET"]}}],"collection":[{"href":"https:\/\/hostnetart.com.br\/baixada\/wp-json\/wp\/v2\/posts"}],"about":[{"href":"https:\/\/hostnetart.com.br\/baixada\/wp-json\/wp\/v2\/types\/post"}],"author":[{"embeddable":true,"href":"https:\/\/hostnetart.com.br\/baixada\/wp-json\/wp\/v2\/users\/2"}],"replies":[{"embeddable":true,"href":"https:\/\/hostnetart.com.br\/baixada\/wp-json\/wp\/v2\/comments?post=7686"}],"version-history":[{"count":0,"href":"https:\/\/hostnetart.com.br\/baixada\/wp-json\/wp\/v2\/posts\/7686\/revisions"}],"wp:featuredmedia":[{"embeddable":true,"href":"https:\/\/hostnetart.com.br\/baixada\/wp-json\/wp\/v2\/media\/7685"}],"wp:attachment":[{"href":"https:\/\/hostnetart.com.br\/baixada\/wp-json\/wp\/v2\/media?parent=7686"}],"wp:term":[{"taxonomy":"category","embeddable":true,"href":"https:\/\/hostnetart.com.br\/baixada\/wp-json\/wp\/v2\/categories?post=7686"},{"taxonomy":"post_tag","embeddable":true,"href":"https:\/\/hostnetart.com.br\/baixada\/wp-json\/wp\/v2\/tags?post=7686"}],"curies":[{"name":"wp","href":"https:\/\/api.w.org\/{rel}","templated":true}]}}