{"id":7684,"date":"2019-10-08T19:21:39","date_gmt":"2019-10-08T22:21:39","guid":{"rendered":"https:\/\/hostnetart.com.br\/baixada\/trabalhador-nem-sempre-sabe-que-muitas-de-suas-conquistas-se-devem-aos-sindicatos-diz-diretor-da-cut\/"},"modified":"2019-10-08T19:21:39","modified_gmt":"2019-10-08T22:21:39","slug":"trabalhador-nem-sempre-sabe-que-muitas-de-suas-conquistas-se-devem-aos-sindicatos-diz-diretor-da-cut","status":"publish","type":"post","link":"https:\/\/hostnetart.com.br\/baixada\/trabalhador-nem-sempre-sabe-que-muitas-de-suas-conquistas-se-devem-aos-sindicatos-diz-diretor-da-cut\/","title":{"rendered":"Trabalhador nem sempre sabe que muitas de suas conquistas se devem aos sindicatos, diz diretor da CUT"},"content":{"rendered":"<p>Sindicalistas de todo o Brasil se re\u00fanem a partir desta segunda-feira (7) no\u00a013\u00ba <a href=\"https:\/\/www.redebrasilatual.com.br\/trabalho\/2019\/10\/13-congresso-cut\/\" target=\"_blank\" rel=\"noopener noreferrer\">Congresso Nacional<\/a> da CUT (Concut), na Praia Grande, no litoral de S\u00e3o Paulo. Em pauta, a precariza\u00e7\u00e3o do trabalho, ap\u00f3s dois anos da \u201creforma\u201d trabalhista, e as restri\u00e7\u00f5es nas aposentadorias, com a iminente aprova\u00e7\u00e3o da <a href=\"https:\/\/www.redebrasilatual.com.br\/politica\/2019\/10\/governo-tenta-aprovar-reforma-da-previdencia-ainda-na-segunda-quinzena-do-mes\/\" target=\"_blank\" rel=\"noopener noreferrer\">\u201creforma\u201d da Previd\u00eancia<\/a>. H\u00e1 ainda a persegui\u00e7\u00e3o do governo Bolsonaro \u00e0s entidades que representam os trabalhadores.<\/p>\n<p>Com o tema\u00a0<em>Lula Livre\u00a0<\/em>\u2013\u00a0<em>Sindicatos Fortes<\/em>,\u00a0<em>Direitos<\/em>,\u00a0<em>Soberania e Democracia<\/em>,\u00a0a programa\u00e7\u00e3o do Concut, que vai at\u00e9 quinta-feira (10), come\u00e7a com an\u00e1lises da conjuntura nacional e internacional que v\u00e3o contar com a presen\u00e7a da ex-presidenta Dilma Rousseff, do ex-presidenci\u00e1vel e ex-prefeito de S\u00e3o Paulo Fernando Haddad, da presidenta do PT e deputada federal Gleisi Hoffmann (PR), e do ex-chanceler Celso Amorim.<\/p>\n<p>\u201c\u00c9 um processo dif\u00edcil neste momento, e requer que a gente debata qual \u00e9 a estrutura sindical necess\u00e1ria para enfrentar esse processo de desmonte da legisla\u00e7\u00e3o trabalhista. Fala-se inclusive que j\u00e1 estaria em curso uma reforma sindical. N\u00f3s sabemos o projeto do governo federal. \u00c9 um ataque, mais uma vez, \u00e0s entidades sindicais\u201d, afirmou o secret\u00e1rio de Comunica\u00e7\u00e3o da CUT, Roni Barbosa, aos jornalistas Marilu Caba\u00f1as e Glauco Faria, para o <em>Jornal Brasil Atual<\/em>, nesta segunda-feira (7).<\/p>\n<p>Segundo ele, a crise do desemprego tem submetido as pessoas a trabalhos prec\u00e1rios, como os de motoristas e entregadores de aplicativos, marcados por jornadas extensas e quase nenhum direito. \u201cQueremos conhecer melhor essas categorias e ver como \u00e9 que o movimento sindical pode se inserir para ajud\u00e1-las a n\u00e3o serem t\u00e3o exploradas como est\u00e3o sendo hoje\u201d, disse Barbosa, sobre a chamada \u201c<a href=\"https:\/\/www.redebrasilatual.com.br\/trabalho\/2019\/10\/perfil-de-ciclista-entregador-aponta-para-a-necessidade-de-regulamentacao\/\" target=\"_blank\" rel=\"noopener noreferrer\">uberiza\u00e7\u00e3o<\/a>\u201c.<\/p>\n<hr \/>\n<p style=\"padding-left: 30px;\"><em><strong>Leia tamb\u00e9m<\/strong><\/em><br \/> \u2022\u00a0<a href=\"https:\/\/www.redebrasilatual.com.br\/trabalho\/2019\/10\/13-congresso-cut\/\"><span style=\"color: #800000;\"><strong>Surgida na ditadura, CUT faz seu 13\u00ba congresso novamente sob um governo extremista<\/strong><\/span><\/a><\/p>\n<hr \/>\n<h3>Papel dos sindicatos<\/h3>\n<p>Em cen\u00e1rio de ataque \u00e0 organiza\u00e7\u00e3o sindical, o Concut tamb\u00e9m deve discutir estrat\u00e9gias para mostrar \u00e0 sociedade qual \u00e9 o papel das entidades. A pol\u00edtica de <a href=\"https:\/\/www.redebrasilatual.com.br\/economia\/2019\/03\/sem-valorizacao-do-salario-minimo-como-quer-mourao-remuneracao-seria-de-r-573\/\" target=\"_blank\" rel=\"noopener noreferrer\">valoriza\u00e7\u00e3o<\/a> do sal\u00e1rio m\u00ednimo, por exemplo, derivou de um acordo perseguido pelas centrais sindicais. Implementada a partir de 2004, no in\u00edcio do governo do ex-presidente Luiz In\u00e1cio Lula da Silva, e sem sua continuidade definida pelo atual governo, essa pol\u00edtica previa o reajuste anual calculado a partir da varia\u00e7\u00e3o do Produto Interno Bruto (PIB) e pela infla\u00e7\u00e3o do ano anterior, e foi um dos mais importantes instrumentos de redu\u00e7\u00e3o das desigualdades no pa\u00eds nos \u00faltimos anos.<\/p>\n<p>Esta e outras medidas t\u00eam pouco impacto direto em boa parte dos trabalhadores filiados \u00e0 CUT, que em geral t\u00eam remunera\u00e7\u00f5es acima do sal\u00e1rio m\u00ednimo, mas influenciam diversas outras categorias e beneficiam a economia de uma forma geral. \u201cPor isso estamos trabalhando fortemente para rejeitar a reforma da Previd\u00eancia. Os trabalhadores de baixa renda ser\u00e3o os principais prejudicados. Talvez nem todos estejam representados nos nossos sindicatos, mas achamos isso muito importante. Esse \u00e9 o papel de uma central sindical.\u201d<\/p>\n<p>Outro exemplo de conquistas sindicais, segundo Barbosa, s\u00e3o benef\u00edcios obtidos pelas categorias como plano de sa\u00fade e vale-refei\u00e7\u00e3o. \u201cO trabalhador <a href=\"https:\/\/www.redebrasilatual.com.br\/trabalho\/2019\/08\/dia-do-bancario-programacao\/\" target=\"_blank\" rel=\"noopener noreferrer\">banc\u00e1rio<\/a>, por exemplo, recebe v\u00e1rios benef\u00edcios e acha que \u00e9 uma concess\u00e3o do patr\u00e3o, sendo que tudo isso \u00e9 fruto de conquistas de d\u00e9cadas e d\u00e9cadas de luta dos sindicatos. Todos os direitos que est\u00e3o acima da legisla\u00e7\u00e3o s\u00e3o conquistas dos sindicatos, e \u00e0s vezes os pr\u00f3prios trabalhadores n\u00e3o sabem\u201d, afirmou o secret\u00e1rio de Comunica\u00e7\u00e3o da CUT.<\/p>\n<p><strong>Fonte: Rede Brasil Atual<\/strong><\/p>\n","protected":false},"excerpt":{"rendered":"<p>Sindicalistas de todo o Brasil se re\u00fanem a partir desta segunda-feira (7) no\u00a013\u00ba Congresso Nacional da CUT (Concut), na Praia Grande, no litoral de S\u00e3o Paulo. Em pauta, a precariza\u00e7\u00e3o do trabalho, ap\u00f3s dois anos da \u201creforma\u201d trabalhista, e as restri\u00e7\u00f5es nas aposentadorias, com a iminente aprova\u00e7\u00e3o da \u201creforma\u201d da Previd\u00eancia. H\u00e1 ainda a persegui\u00e7\u00e3o [&hellip;]<\/p>\n","protected":false},"author":2,"featured_media":7683,"comment_status":"","ping_status":"","sticky":false,"template":"","format":"standard","meta":{"footnotes":""},"categories":[3],"tags":[],"class_list":["post-7684","post","type-post","status-publish","format-standard","has-post-thumbnail","hentry","category-noticias"],"_links":{"self":[{"href":"https:\/\/hostnetart.com.br\/baixada\/wp-json\/wp\/v2\/posts\/7684","targetHints":{"allow":["GET"]}}],"collection":[{"href":"https:\/\/hostnetart.com.br\/baixada\/wp-json\/wp\/v2\/posts"}],"about":[{"href":"https:\/\/hostnetart.com.br\/baixada\/wp-json\/wp\/v2\/types\/post"}],"author":[{"embeddable":true,"href":"https:\/\/hostnetart.com.br\/baixada\/wp-json\/wp\/v2\/users\/2"}],"replies":[{"embeddable":true,"href":"https:\/\/hostnetart.com.br\/baixada\/wp-json\/wp\/v2\/comments?post=7684"}],"version-history":[{"count":0,"href":"https:\/\/hostnetart.com.br\/baixada\/wp-json\/wp\/v2\/posts\/7684\/revisions"}],"wp:featuredmedia":[{"embeddable":true,"href":"https:\/\/hostnetart.com.br\/baixada\/wp-json\/wp\/v2\/media\/7683"}],"wp:attachment":[{"href":"https:\/\/hostnetart.com.br\/baixada\/wp-json\/wp\/v2\/media?parent=7684"}],"wp:term":[{"taxonomy":"category","embeddable":true,"href":"https:\/\/hostnetart.com.br\/baixada\/wp-json\/wp\/v2\/categories?post=7684"},{"taxonomy":"post_tag","embeddable":true,"href":"https:\/\/hostnetart.com.br\/baixada\/wp-json\/wp\/v2\/tags?post=7684"}],"curies":[{"name":"wp","href":"https:\/\/api.w.org\/{rel}","templated":true}]}}