{"id":7682,"date":"2019-10-08T12:07:23","date_gmt":"2019-10-08T15:07:23","guid":{"rendered":"https:\/\/hostnetart.com.br\/baixada\/nota-de-pesar-pelo-falecimento-do-companheiro-paulo-garcez\/"},"modified":"2019-10-08T12:07:23","modified_gmt":"2019-10-08T15:07:23","slug":"nota-de-pesar-pelo-falecimento-do-companheiro-paulo-garcez","status":"publish","type":"post","link":"https:\/\/hostnetart.com.br\/baixada\/nota-de-pesar-pelo-falecimento-do-companheiro-paulo-garcez\/","title":{"rendered":"Nota de pesar pelo falecimento do companheiro Paulo Garcez"},"content":{"rendered":"<div class=\"\" data-block=\"true\" data-editor=\"4e2b9\" data-offset-key=\"8fdp3-0-0\">\n<div class=\"_1mf _1mj\" data-offset-key=\"8fdp3-0-0\"><span data-offset-key=\"8fdp3-0-0\">O Sindicato dos Banc\u00e1rios da Baixada Fluminense expressa seu pesar pelo falecimento, na noite desta \u00faltima segunda-feira (7), do companheiro Paulo Garcez.<\/span><\/div>\n<div class=\"_1mf _1mj\" data-offset-key=\"8fdp3-0-0\">\u00a0<\/div>\n<\/div>\n<div class=\"\" data-block=\"true\" data-editor=\"4e2b9\" data-offset-key=\"bh2mp-0-0\">\n<div class=\"_1mf _1mj\" data-offset-key=\"bh2mp-0-0\"><span data-offset-key=\"bh2mp-0-0\">Funcion\u00e1rio do Banco Santander, ex-diretor do SindBaixada, ex-diretor jur\u00eddico da Federa\u00e7\u00e3o dos Trabalhadores do Ramo Financeiro dos Estados do RJ e ES, atualmente Garcez era Secret\u00e1rio Geral da Fetraf RJ\/ES. Foi tamb\u00e9m um dos respons\u00e1veis pela constru\u00e7\u00e3o da CUT no Rio de Janeiro e na Baixada Fluminense.<\/span><\/div>\n<div class=\"_1mf _1mj\" data-offset-key=\"bh2mp-0-0\">\u00a0<\/div>\n<\/div>\n<div class=\"\" data-block=\"true\" data-editor=\"4e2b9\" data-offset-key=\"d22v7-0-0\">\n<div class=\"_1mf _1mj\" data-offset-key=\"d22v7-0-0\"><span data-offset-key=\"d22v7-0-0\">O vitorioso companheiro, que conquistou a milit\u00e2ncia com sua inigual\u00e1vel simplicidade e respeito, foi v\u00edtima de um infarto.<br \/><\/span><\/div>\n<div class=\"_1mf _1mj\" data-offset-key=\"d22v7-0-0\">\u00a0<\/div>\n<\/div>\n<div class=\"\" data-block=\"true\" data-editor=\"4e2b9\" data-offset-key=\"dufq2-0-0\">\n<div class=\"_1mf _1mj\" data-offset-key=\"dufq2-0-0\"><span data-offset-key=\"dufq2-0-0\">Garcez deixou um especial e honroso legado de vida vitoriosa no meio pol\u00edtico e sindical.<\/span><\/div>\n<div class=\"_1mf _1mj\" data-offset-key=\"dufq2-0-0\">\u00a0<\/div>\n<\/div>\n<div class=\"\" data-block=\"true\" data-editor=\"4e2b9\" data-offset-key=\"4rjup-0-0\">\n<div class=\"_1mf _1mj\" data-offset-key=\"4rjup-0-0\"><span data-offset-key=\"4rjup-0-0\">As \u00faltimas homenagens ser\u00e3o hoje, dia 8, no Jardim de Mesquita, \u00e0s 14:30h, Capela I. O cemit\u00e9rio fica na Rua Baronesa de Mesquita, n\u00famero 520, em Mesquita.<\/span><\/div>\n<div class=\"_1mf _1mj\" data-offset-key=\"4rjup-0-0\">\u00a0<\/div>\n<div class=\"_1mf _1mj\" data-offset-key=\"4rjup-0-0\"><span data-offset-key=\"4rjup-0-0\">GARCEZ PRESENTE!<\/span><\/div>\n<\/div>\n","protected":false},"excerpt":{"rendered":"<p>O Sindicato dos Banc\u00e1rios da Baixada Fluminense expressa seu pesar pelo falecimento, na noite desta \u00faltima segunda-feira (7), do companheiro Paulo Garcez. \u00a0 Funcion\u00e1rio do Banco Santander, ex-diretor do SindBaixada, ex-diretor jur\u00eddico da Federa\u00e7\u00e3o dos Trabalhadores do Ramo Financeiro dos Estados do RJ e ES, atualmente Garcez era Secret\u00e1rio Geral da Fetraf RJ\/ES. Foi tamb\u00e9m [&hellip;]<\/p>\n","protected":false},"author":2,"featured_media":7681,"comment_status":"","ping_status":"","sticky":false,"template":"","format":"standard","meta":{"footnotes":""},"categories":[3],"tags":[],"class_list":["post-7682","post","type-post","status-publish","format-standard","has-post-thumbnail","hentry","category-noticias"],"_links":{"self":[{"href":"https:\/\/hostnetart.com.br\/baixada\/wp-json\/wp\/v2\/posts\/7682","targetHints":{"allow":["GET"]}}],"collection":[{"href":"https:\/\/hostnetart.com.br\/baixada\/wp-json\/wp\/v2\/posts"}],"about":[{"href":"https:\/\/hostnetart.com.br\/baixada\/wp-json\/wp\/v2\/types\/post"}],"author":[{"embeddable":true,"href":"https:\/\/hostnetart.com.br\/baixada\/wp-json\/wp\/v2\/users\/2"}],"replies":[{"embeddable":true,"href":"https:\/\/hostnetart.com.br\/baixada\/wp-json\/wp\/v2\/comments?post=7682"}],"version-history":[{"count":0,"href":"https:\/\/hostnetart.com.br\/baixada\/wp-json\/wp\/v2\/posts\/7682\/revisions"}],"wp:featuredmedia":[{"embeddable":true,"href":"https:\/\/hostnetart.com.br\/baixada\/wp-json\/wp\/v2\/media\/7681"}],"wp:attachment":[{"href":"https:\/\/hostnetart.com.br\/baixada\/wp-json\/wp\/v2\/media?parent=7682"}],"wp:term":[{"taxonomy":"category","embeddable":true,"href":"https:\/\/hostnetart.com.br\/baixada\/wp-json\/wp\/v2\/categories?post=7682"},{"taxonomy":"post_tag","embeddable":true,"href":"https:\/\/hostnetart.com.br\/baixada\/wp-json\/wp\/v2\/tags?post=7682"}],"curies":[{"name":"wp","href":"https:\/\/api.w.org\/{rel}","templated":true}]}}