{"id":7680,"date":"2019-10-07T19:37:45","date_gmt":"2019-10-07T22:37:45","guid":{"rendered":"https:\/\/hostnetart.com.br\/baixada\/contraf-cut-lanca-campanha-fechacomagente\/"},"modified":"2019-10-07T19:37:45","modified_gmt":"2019-10-07T22:37:45","slug":"contraf-cut-lanca-campanha-fechacomagente","status":"publish","type":"post","link":"https:\/\/hostnetart.com.br\/baixada\/contraf-cut-lanca-campanha-fechacomagente\/","title":{"rendered":"Contraf-CUT lan\u00e7a Campanha #FechaComAGente"},"content":{"rendered":"<div class=\"elementor-element elementor-element-194680ec elementor-widget elementor-widget-theme-post-content\" data-id=\"194680ec\" data-element_type=\"widget\" data-widget_type=\"theme-post-content.default\">\n<div class=\"elementor-widget-container\">\n<p>A Confedera\u00e7\u00e3o Nacional dos Trabalhadores do Ramo Financeiro (Contraf-CUT) lan\u00e7a hoje (7), a Campanha <a href=\"https:\/\/contrafcut.com.br\/fechacomagente\/\">#FechaComAGente<\/a>. Com o objetivo principal de mostrar a import\u00e2ncia da valoriza\u00e7\u00e3o das entidades sindicais, a a\u00e7\u00e3o apresenta diversos materiais, dentre eles: v\u00eddeos, infopress e mat\u00e9rias, para informar os banc\u00e1rios sobre como a luta do movimento sindical \u00e9 fundamental para garantir os direitos dos trabalhadores. <\/p>\n<p>A Conven\u00e7\u00e3o Coletiva de Trabalho (CCT) e Acordos Coletivos de Trabalho (ACT), por exemplo, s\u00e3o grandes conquistas, que s\u00f3 foram poss\u00edveis ap\u00f3s muita luta dos trabalhadores ao lado dos sindicatos. Eles garantem diversos direitos \u00e0 categoria banc\u00e1ria como o vale-alimenta\u00e7\u00e3o, o vale-refei\u00e7\u00e3o, o aux\u00edlio-creche, conv\u00eanio m\u00e9dico, Participa\u00e7\u00e3o nos Lucros e\/ou Resultados (PLR), jornada de seis horas, licen\u00e7a-maternidade, entre outros. <\/p>\n<p>O primeiro v\u00eddeo divulgado pela campanha aborda os assuntos PLR e Aumento Real e est\u00e1 dispon\u00edvel na p\u00e1gina #FechaComAGente, no site da Contraf-CUT. <\/p>\n<p>At\u00e9 o final de novembro, a Contraf-CUT ir\u00e1 divulgar conte\u00fados exclusivos sobre v\u00e1rios assuntos referente \u00e0 luta do movimento sindical e conquistas da categoria banc\u00e1ria.<\/p>\n<figure class=\"wp-block-embed-youtube wp-block-embed is-type-video is-provider-youtube wp-embed-aspect-16-9 wp-has-aspect-ratio\">\n<div class=\"wp-block-embed__wrapper\">\u00a0<\/div>\n<div class=\"wp-block-embed__wrapper\">\u00a0<\/div>\n<div class=\"wp-block-embed__wrapper\">\u00a0<\/div>\n<\/figure>\n<\/div>\n<\/div>\n","protected":false},"excerpt":{"rendered":"<p>A Confedera\u00e7\u00e3o Nacional dos Trabalhadores do Ramo Financeiro (Contraf-CUT) lan\u00e7a hoje (7), a Campanha #FechaComAGente. Com o objetivo principal de mostrar a import\u00e2ncia da valoriza\u00e7\u00e3o das entidades sindicais, a a\u00e7\u00e3o apresenta diversos materiais, dentre eles: v\u00eddeos, infopress e mat\u00e9rias, para informar os banc\u00e1rios sobre como a luta do movimento sindical \u00e9 fundamental para garantir os [&hellip;]<\/p>\n","protected":false},"author":2,"featured_media":7679,"comment_status":"","ping_status":"","sticky":false,"template":"","format":"standard","meta":{"footnotes":""},"categories":[3],"tags":[],"class_list":["post-7680","post","type-post","status-publish","format-standard","has-post-thumbnail","hentry","category-noticias"],"_links":{"self":[{"href":"https:\/\/hostnetart.com.br\/baixada\/wp-json\/wp\/v2\/posts\/7680","targetHints":{"allow":["GET"]}}],"collection":[{"href":"https:\/\/hostnetart.com.br\/baixada\/wp-json\/wp\/v2\/posts"}],"about":[{"href":"https:\/\/hostnetart.com.br\/baixada\/wp-json\/wp\/v2\/types\/post"}],"author":[{"embeddable":true,"href":"https:\/\/hostnetart.com.br\/baixada\/wp-json\/wp\/v2\/users\/2"}],"replies":[{"embeddable":true,"href":"https:\/\/hostnetart.com.br\/baixada\/wp-json\/wp\/v2\/comments?post=7680"}],"version-history":[{"count":0,"href":"https:\/\/hostnetart.com.br\/baixada\/wp-json\/wp\/v2\/posts\/7680\/revisions"}],"wp:featuredmedia":[{"embeddable":true,"href":"https:\/\/hostnetart.com.br\/baixada\/wp-json\/wp\/v2\/media\/7679"}],"wp:attachment":[{"href":"https:\/\/hostnetart.com.br\/baixada\/wp-json\/wp\/v2\/media?parent=7680"}],"wp:term":[{"taxonomy":"category","embeddable":true,"href":"https:\/\/hostnetart.com.br\/baixada\/wp-json\/wp\/v2\/categories?post=7680"},{"taxonomy":"post_tag","embeddable":true,"href":"https:\/\/hostnetart.com.br\/baixada\/wp-json\/wp\/v2\/tags?post=7680"}],"curies":[{"name":"wp","href":"https:\/\/api.w.org\/{rel}","templated":true}]}}