{"id":7676,"date":"2019-10-04T20:35:39","date_gmt":"2019-10-04T23:35:39","guid":{"rendered":"https:\/\/hostnetart.com.br\/baixada\/contraf-cut-lanca-campanha-de-valorizacao-dos-sindicatos-nesta-segunda-feira-7-10\/"},"modified":"2019-10-04T20:35:39","modified_gmt":"2019-10-04T23:35:39","slug":"contraf-cut-lanca-campanha-de-valorizacao-dos-sindicatos-nesta-segunda-feira-7-10","status":"publish","type":"post","link":"https:\/\/hostnetart.com.br\/baixada\/contraf-cut-lanca-campanha-de-valorizacao-dos-sindicatos-nesta-segunda-feira-7-10\/","title":{"rendered":"Contraf-CUT lan\u00e7a Campanha de Valoriza\u00e7\u00e3o dos Sindicatos nesta segunda-feira (7\/10)"},"content":{"rendered":"<div class=\"elementor-element elementor-element-194680ec elementor-widget elementor-widget-theme-post-content\" data-id=\"194680ec\" data-element_type=\"widget\" data-widget_type=\"theme-post-content.default\">\n<div class=\"elementor-widget-container\">\n<p>A Confedera\u00e7\u00e3o Nacional dos Trabalhadores do Ramo Financeiro (Contraf-CUT) lan\u00e7a, nesta segunda-feira (7\/10), a Campanha\u00a0<strong><a href=\"https:\/\/contrafcut.com.br\/fechacomagente\/\">#FechaComAGente<\/a><\/strong>. A a\u00e7\u00e3o tem como objetivo mostrar a import\u00e2ncia dos sindicatos na vida dos trabalhadores e trabalhadoras.<\/p>\n<p>Afinal, o Acordo Coletivo da categoria banc\u00e1ria garante direitos como vale-alimenta\u00e7\u00e3o, vale-refei\u00e7\u00e3o, aux\u00edlio-creche, conv\u00eanio m\u00e9dico, Participa\u00e7\u00e3o nos Lucros e\/ou Resultados (PLR), jornada de seis horas, licen\u00e7a-maternidade, entre outros. Conquistas dos banc\u00e1rios e banc\u00e1rias que s\u00f3 foram poss\u00edveis ap\u00f3s muita luta do movimento sindical.<\/p>\n<p>Por isso, \u00e9 muito importante se sindicalizar e participar das atividades do seu sindicato para defender e garantir os seus direitos.<\/p>\n<p>Fa\u00e7a parte desta luta. Sindicalize-se!\u00a0<strong>#FechaComAGente<\/strong><\/p>\n<p><strong>Fonte: Contraf-CUT<\/strong><\/p>\n<\/div>\n<\/div>\n","protected":false},"excerpt":{"rendered":"<p>A Confedera\u00e7\u00e3o Nacional dos Trabalhadores do Ramo Financeiro (Contraf-CUT) lan\u00e7a, nesta segunda-feira (7\/10), a Campanha\u00a0#FechaComAGente. A a\u00e7\u00e3o tem como objetivo mostrar a import\u00e2ncia dos sindicatos na vida dos trabalhadores e trabalhadoras. Afinal, o Acordo Coletivo da categoria banc\u00e1ria garante direitos como vale-alimenta\u00e7\u00e3o, vale-refei\u00e7\u00e3o, aux\u00edlio-creche, conv\u00eanio m\u00e9dico, Participa\u00e7\u00e3o nos Lucros e\/ou Resultados (PLR), jornada de seis [&hellip;]<\/p>\n","protected":false},"author":2,"featured_media":7675,"comment_status":"","ping_status":"","sticky":false,"template":"","format":"standard","meta":{"footnotes":""},"categories":[3],"tags":[],"class_list":["post-7676","post","type-post","status-publish","format-standard","has-post-thumbnail","hentry","category-noticias"],"_links":{"self":[{"href":"https:\/\/hostnetart.com.br\/baixada\/wp-json\/wp\/v2\/posts\/7676","targetHints":{"allow":["GET"]}}],"collection":[{"href":"https:\/\/hostnetart.com.br\/baixada\/wp-json\/wp\/v2\/posts"}],"about":[{"href":"https:\/\/hostnetart.com.br\/baixada\/wp-json\/wp\/v2\/types\/post"}],"author":[{"embeddable":true,"href":"https:\/\/hostnetart.com.br\/baixada\/wp-json\/wp\/v2\/users\/2"}],"replies":[{"embeddable":true,"href":"https:\/\/hostnetart.com.br\/baixada\/wp-json\/wp\/v2\/comments?post=7676"}],"version-history":[{"count":0,"href":"https:\/\/hostnetart.com.br\/baixada\/wp-json\/wp\/v2\/posts\/7676\/revisions"}],"wp:featuredmedia":[{"embeddable":true,"href":"https:\/\/hostnetart.com.br\/baixada\/wp-json\/wp\/v2\/media\/7675"}],"wp:attachment":[{"href":"https:\/\/hostnetart.com.br\/baixada\/wp-json\/wp\/v2\/media?parent=7676"}],"wp:term":[{"taxonomy":"category","embeddable":true,"href":"https:\/\/hostnetart.com.br\/baixada\/wp-json\/wp\/v2\/categories?post=7676"},{"taxonomy":"post_tag","embeddable":true,"href":"https:\/\/hostnetart.com.br\/baixada\/wp-json\/wp\/v2\/tags?post=7676"}],"curies":[{"name":"wp","href":"https:\/\/api.w.org\/{rel}","templated":true}]}}