{"id":7674,"date":"2019-10-04T03:11:24","date_gmt":"2019-10-04T06:11:24","guid":{"rendered":"https:\/\/hostnetart.com.br\/baixada\/estudantes-voltam-as-ruas-em-defesa-de-mais-investimentos-para-educacao\/"},"modified":"2019-10-04T03:11:24","modified_gmt":"2019-10-04T06:11:24","slug":"estudantes-voltam-as-ruas-em-defesa-de-mais-investimentos-para-educacao","status":"publish","type":"post","link":"https:\/\/hostnetart.com.br\/baixada\/estudantes-voltam-as-ruas-em-defesa-de-mais-investimentos-para-educacao\/","title":{"rendered":"Estudantes voltam \u00e0s ruas em defesa de mais investimentos para educa\u00e7\u00e3o"},"content":{"rendered":"<p style=\"text-align: left;\">Estudantes, professores, movimentos sociais e sindicais <a href=\"https:\/\/www.redebrasilatual.com.br\/politica\/2019\/10\/trabalhadores-e-estudantes-saem-as-ruas-em-defesa-da-educacao-e-da-soberania-nacional\/\" target=\"_blank\" rel=\"noopener noreferrer\">voltaram \u00e0s ruas<\/a> nesta quinta-feira (3) para dizer que a luta em defesa da educa\u00e7\u00e3o n\u00e3o para no pa\u00eds governado por Jair Bolsonaro. Hoje foi o segundo dia da greve geral da educa\u00e7\u00e3o, realizada em diversas cidades brasileiras.<\/p>\n<p>A mobiliza\u00e7\u00e3o em S\u00e3o Paulo, com ato na Avenida Paulista na tarde de hoje, contesta os cortes no or\u00e7amento da \u00e1rea e pede o fim do projeto <a href=\"https:\/\/www.redebrasilatual.com.br\/sem-categoria\/2019\/08\/professores-universitarios-rejeitam-future-se\/\" target=\"_blank\" rel=\"noopener noreferrer\">Future-se<\/a>, que submete a educa\u00e7\u00e3o a um vi\u00e9s de mercado, em que s\u00f3 interessam demandas empresariais descoladas da produ\u00e7\u00e3o de conhecimento.<\/p>\n<p>Em S\u00e3o Paulo, o rep\u00f3rter J\u00f4 Miyagui, da <strong>TVT<\/strong>, esteve na Paulista e conversou com os manifestantes. Segundo o presidente da Uni\u00e3o Estadual dos Estudantes (UEE-SP), Caio Yuji Tanaka, a mobiliza\u00e7\u00e3o de hoje \u00e9 uma continua\u00e7\u00e3o de um movimento que dialoga com o sentimento dos estudantes. \u201cNa verdade, \u00e9 um sentimento que come\u00e7a desde quando o governo Bolsonaro \u00e9 eleito, j\u00e1 posicionando que a universidade precisa ser s\u00f3 para uma elite intelectual\u201d.<\/p>\n<p>\u00a0<\/p>\n<p>Ele diz que esse governo est\u00e1 \u201ctornando cada vez mais dif\u00edcil acesso e a perman\u00eancia dentro da universidade\u201d. Tanaka lembra que o ato de hoje \u00e9 em defesa da educa\u00e7\u00e3o e da ci\u00eancia \u201cpara que seja devolvido o dinheiro do educa\u00e7\u00e3o e a gente consiga manter a nossa universidade\u201d.<\/p>\n<p>O presidente da Uni\u00e3o Municipal dos Estudantes Secundaristas (Umes-SP), Lucas Chen, destaca que \u201co Brasil tem um dos menores investimentos por aluno na m\u00e9dia da OCDE. \u00c9 um dos dados que foi levantado e apresentado recentemente e que comprova que o Brasil investe pouco em educa\u00e7\u00e3o\u201d.<\/p>\n<p>Lucas afirma que o governo Bolsonaro mente. \u201cN\u00e3o podemos aceitar uma coisa dessas, nossas escolas est\u00e3o sendo completamente sucateadas. O que precisamos \u00e9 de mais investimentos. Se eles puderem acabar com o modelo de escola p\u00fablica, gratuita e de qualidade, eles v\u00e3o acabar.\u201d<\/p>\n<div id=\"attachment_381035\" class=\"wp-caption aligncenter\" style=\"width: 501px;\"><img fetchpriority=\"high\" decoding=\"async\" class=\"wp-image-381035\" src=\"https:\/\/www.redebrasilatual.com.br\/wp-content\/uploads\/2019\/10\/ato-pela-educ-em-curitiba-360x226.jpg\" sizes=\"(max-width: 491px) 100vw, 491px\" srcset=\"https:\/\/www.redebrasilatual.com.br\/wp-content\/uploads\/2019\/10\/ato-pela-educ-em-curitiba-360x226.jpg 360w, https:\/\/www.redebrasilatual.com.br\/wp-content\/uploads\/2019\/10\/ato-pela-educ-em-curitiba-768x483.jpg 768w, https:\/\/www.redebrasilatual.com.br\/wp-content\/uploads\/2019\/10\/ato-pela-educ-em-curitiba-1024x643.jpg 1024w, https:\/\/www.redebrasilatual.com.br\/wp-content\/uploads\/2019\/10\/ato-pela-educ-em-curitiba-1170x735.jpg 1170w, https:\/\/www.redebrasilatual.com.br\/wp-content\/uploads\/2019\/10\/ato-pela-educ-em-curitiba-585x368.jpg 585w, https:\/\/www.redebrasilatual.com.br\/wp-content\/uploads\/2019\/10\/ato-pela-educ-em-curitiba.jpg 1200w\" alt=\"Gibran Mendes \/ CUT Paran\u00e1\" width=\"491\" height=\"308\" \/><\/p>\n<p class=\"wp-caption-text\">Ato na Pra\u00e7a Santos Andrade, em Curitiba: defesa do ensino p\u00fablico e das universidades federais tamb\u00e9m estava na pauta da manifesta\u00e7\u00e3o desta quinta-feira (Foto: Gibran Mendes \/ CUT Paran\u00e1)<\/p>\n<\/div>\n<p>O professor universit\u00e1rio Carlos Vin\u00edcius Santos diz que at\u00e9 agora n\u00e3o foi poss\u00edvel reconhecer uma pol\u00edtica do governo Bolsonaro \u201cporque n\u00e3o fica muito claro o que exatamente quer\u201d.<\/p>\n<p>Beatriz Baravieira, do Diret\u00f3rio Central dos Estudantes (DCE) da Universidade federal do ABC (UFABC) cr\u00edtica o programa \u2018Future-se\u2019. \u201c\u00c9 um programa que tem como objetivo final privatizar a universidade e o plano de ensino desse governo \u00e9 sucatear as universidades para futuramente ou cobrar mensalidade ou privatizar\u201d, afirma.<\/p>\n<p>Ana Carolina Domingues, estudante do bairro de Perus, em S\u00e3o Paulo, diz que educa\u00e7\u00e3o p\u00fablica e de qualidade significa sim a emancipa\u00e7\u00e3o do povo brasileiro. \u201cEstar hoje aqui \u00e9 principalmente lutar pelo futuro\u201d, defende.<\/p>\n<p><strong>Fonte: Rede Brasil Atual<\/strong><\/p>\n","protected":false},"excerpt":{"rendered":"<p>Estudantes, professores, movimentos sociais e sindicais voltaram \u00e0s ruas nesta quinta-feira (3) para dizer que a luta em defesa da educa\u00e7\u00e3o n\u00e3o para no pa\u00eds governado por Jair Bolsonaro. Hoje foi o segundo dia da greve geral da educa\u00e7\u00e3o, realizada em diversas cidades brasileiras. A mobiliza\u00e7\u00e3o em S\u00e3o Paulo, com ato na Avenida Paulista na [&hellip;]<\/p>\n","protected":false},"author":2,"featured_media":7673,"comment_status":"","ping_status":"","sticky":false,"template":"","format":"standard","meta":{"footnotes":""},"categories":[3],"tags":[],"class_list":["post-7674","post","type-post","status-publish","format-standard","has-post-thumbnail","hentry","category-noticias"],"_links":{"self":[{"href":"https:\/\/hostnetart.com.br\/baixada\/wp-json\/wp\/v2\/posts\/7674","targetHints":{"allow":["GET"]}}],"collection":[{"href":"https:\/\/hostnetart.com.br\/baixada\/wp-json\/wp\/v2\/posts"}],"about":[{"href":"https:\/\/hostnetart.com.br\/baixada\/wp-json\/wp\/v2\/types\/post"}],"author":[{"embeddable":true,"href":"https:\/\/hostnetart.com.br\/baixada\/wp-json\/wp\/v2\/users\/2"}],"replies":[{"embeddable":true,"href":"https:\/\/hostnetart.com.br\/baixada\/wp-json\/wp\/v2\/comments?post=7674"}],"version-history":[{"count":0,"href":"https:\/\/hostnetart.com.br\/baixada\/wp-json\/wp\/v2\/posts\/7674\/revisions"}],"wp:featuredmedia":[{"embeddable":true,"href":"https:\/\/hostnetart.com.br\/baixada\/wp-json\/wp\/v2\/media\/7673"}],"wp:attachment":[{"href":"https:\/\/hostnetart.com.br\/baixada\/wp-json\/wp\/v2\/media?parent=7674"}],"wp:term":[{"taxonomy":"category","embeddable":true,"href":"https:\/\/hostnetart.com.br\/baixada\/wp-json\/wp\/v2\/categories?post=7674"},{"taxonomy":"post_tag","embeddable":true,"href":"https:\/\/hostnetart.com.br\/baixada\/wp-json\/wp\/v2\/tags?post=7674"}],"curies":[{"name":"wp","href":"https:\/\/api.w.org\/{rel}","templated":true}]}}