{"id":7672,"date":"2019-10-04T03:10:11","date_gmt":"2019-10-04T06:10:11","guid":{"rendered":"https:\/\/hostnetart.com.br\/baixada\/apesar-de-vitorias-oposicao-lamenta-reforma-que-pune-os-mais-pobres-e-nao-atinge-privilegiados\/"},"modified":"2019-10-04T03:10:11","modified_gmt":"2019-10-04T06:10:11","slug":"apesar-de-vitorias-oposicao-lamenta-reforma-que-pune-os-mais-pobres-e-nao-atinge-privilegiados","status":"publish","type":"post","link":"https:\/\/hostnetart.com.br\/baixada\/apesar-de-vitorias-oposicao-lamenta-reforma-que-pune-os-mais-pobres-e-nao-atinge-privilegiados\/","title":{"rendered":"Apesar de vit\u00f3rias, oposi\u00e7\u00e3o lamenta reforma que pune os mais pobres e n\u00e3o atinge privilegiados"},"content":{"rendered":"<p>O texto sa\u00eddo da vota\u00e7\u00e3o em primeiro turno da reforma da Previd\u00eancia no Senado trouxe modifica\u00e7\u00f5es importantes ao projeto oriundo da C\u00e2mara dos Deputados. Um dos principais foi o que suprimiu a mudan\u00e7a do abono salarial, que hoje \u00e9 pago a quem recebe at\u00e9 dois sal\u00e1rios m\u00ednimos (R$ 1.996 em 2019) e dever\u00e1 continuar assim. O texto da C\u00e2mara restringia o direito ao valor de R$ 1.364,43.<\/p>\n<p>Antes, a Comiss\u00e3o de Constitui\u00e7\u00e3o e Justi\u00e7a do Senado havia suprimido dispositivo que previa que a pens\u00e3o por morte fosse inferior ao sal\u00e1rio m\u00ednimo, assim como excluiu o artigo que colocava na Constitui\u00e7\u00e3o o crit\u00e9rio para receber o Benef\u00edcio de Presta\u00e7\u00e3o Continuada (BPC).<\/p>\n<p>\u201cJ\u00e1 no plen\u00e1rio do Senado, depois de tantos destaques, a \u00fanica coisa importante foi retirar a mudan\u00e7a do abono salarial, que beneficiou mais de 13 milh\u00f5es de trabalhadores\u201d, avalia a deputada federal Jandira Feghali (PCdoB-RJ). A parlamentar destaca que a desconstitucionaliza\u00e7\u00e3o do BPC pela CCJ daquela casa tamb\u00e9m \u00e9 importante, j\u00e1 que, na pr\u00e1tica, a inser\u00e7\u00e3o do benef\u00edcio na Constitui\u00e7\u00e3o \u201ccongelaria\u201d o aux\u00edlio. Com a mudan\u00e7a, o aux\u00edlio foi retirado da Constitui\u00e7\u00e3o Federal.<\/p>\n<p>\u201cO BPC nunca foi constitucional e continuou n\u00e3o sendo. Quando p\u00f5e na Constitui\u00e7\u00e3o, voc\u00ea o congela, at\u00e9 porque o sal\u00e1rio m\u00ednimo est\u00e1 sendo depreciado\u201d, explica.<\/p>\n<p>Para Jandira, por\u00e9m, a principal vit\u00f3ria da oposi\u00e7\u00e3o veio da C\u00e2mara, com a derrubada do regime de capitaliza\u00e7\u00e3o, que o governo n\u00e3o conseguiu impor. \u201cImpedimos o mal maior, que era a capitaliza\u00e7\u00e3o, que seria a destrui\u00e7\u00e3o total da Seguridade Social. Foi a grande derrota do governo e a maior vit\u00f3ria da oposi\u00e7\u00e3o.\u201d<\/p>\n<p>No Senado, a exclus\u00e3o do dispositivo que <a href=\"https:\/\/www.redebrasilatual.com.br\/destaques\/2019\/10\/governo-derrotado-abono-pis-pasep\/\" target=\"_blank\" rel=\"noopener noreferrer\">reduzia o valor do abono salarial <\/a>de dois sal\u00e1rios m\u00ednimos para R$ 1.364,43, segundo c\u00e1lculos da oposi\u00e7\u00e3o, beneficiar\u00e1, ou deixar\u00e1 de prejudicar, de 12 a 13 milh\u00f5es de trabalhadores. J\u00e1 o ministro da Economia, Paulo Guedes, ficou furioso com a altera\u00e7\u00e3o, que \u201cdesidrata\u201d a reforma em R$ 76,4 bilh\u00f5es, segundo o governo. Ele declarou que para cada bilh\u00e3o perdido no Senado dever\u00e1 haver uma compensa\u00e7\u00e3o com mudan\u00e7as do pacto federativo.<\/p>\n<p>\u201cIsso \u00e9 um absurdo. <a href=\"https:\/\/www.redebrasilatual.com.br\/destaques\/2019\/08\/paulo-guedes-laura-carvalho\/\" target=\"_blank\" rel=\"noopener noreferrer\">Paulo Guedes<\/a> \u00e9 um chantagista. Tenta fazer amea\u00e7a com o segundo turno do Senado. Isso n\u00e3o \u00e9 papel de um ministro que serve \u00e0 Rep\u00fablica. \u00c9 de um chantagista que fala pelos bancos\u201d, rebate Jandira Feghali. \u201c\u00c9 o capital financeiro incrustado no cargo de ministro da Economia.\u201d Para a deputada, ao amea\u00e7ar governadores e estados, o ministro est\u00e1, de fato, amea\u00e7ando o povo. \u201cEle n\u00e3o pode fazer chantagem com o direito do povo. Tirar dinheiro dos estados \u00e9 tirar de pol\u00edticas p\u00fablicas.\u201d<\/p>\n<p>Na tribuna, nesta quinta-feira (3), o senador <a href=\"https:\/\/www.redebrasilatual.com.br\/trabalho\/2019\/08\/reforma-da-previdencia-prejudica-trabalhadores-de-todos-os-setores-conclui-audiencia-no-senado\/\" target=\"_blank\" rel=\"noopener noreferrer\">Humberto Costa<\/a> (PT-PE) afirmou que, ao aprovar o texto em primeiro turno, \u201co Senado acaba de referendar uma das medidas mais nocivas de todos os tempos para o trabalhador, sobretudo o de baixa renda\u201d. A economia anunciada pelo governo e apoiadores da proposta de emenda \u00e0 Constitui\u00e7\u00e3o recair\u00e1 em 80% sobre mais pobres, disse.<\/p>\n<p>\u201cA reforma ser\u00e1 um duro golpe sobre mais de 70% dos munic\u00edpios brasileiros, que vivem basicamente dos pagamentos do INSS. Legar\u00e1 um futuro de mis\u00e9ria para a popula\u00e7\u00e3o\u201d, continuou o petista. \u201cFelizmente, a uni\u00e3o de senadores permitiu derrubar o fim do abono para 12 milh\u00f5es de trabalhadores que recebem at\u00e9 dois m\u00ednimos, em cima dos quais o governo queria fazer uma economia desumana.\u201d<\/p>\n<h5>Segundo turno<\/h5>\n<p>Senadores de oposi\u00e7\u00e3o acusam o governo de ignorar o regimento, que prev\u00ea um \u201cinterst\u00edcio\u201d (intervalo) de cinco dias \u00fateis ou quatro sess\u00f5es de discuss\u00e3o entre o primeiro e o segundo turnos. O senador <a href=\"https:\/\/www.redebrasilatual.com.br\/politica\/2018\/10\/randolfe-e-reeleito-senador-no-amapa-segundo-vaga-e-de-lucas-barreto\/\" target=\"_blank\" rel=\"noopener noreferrer\">Randolfe Rodrigues<\/a> (Rede-AP), l\u00edder da oposi\u00e7\u00e3o no Senado, considera inadmiss\u00edvel a tentativa do Planalto e aliados.<\/p>\n<p>\u201cO regimento \u00e9 claro: n\u00e3o \u00e9 poss\u00edvel a vota\u00e7\u00e3o de PEC se n\u00e3o cumprir o interst\u00edcio. N\u00e3o existe raz\u00e3o alguma para que n\u00f3s assistamos calados a retirada de direitos dos mais pobres, e ainda ao bel prazer do atropelo das normas do regimento interno e da Constitui\u00e7\u00e3o\u201d, diz. \u201cO governo tem a maioria para aprovar a reforma que penaliza os mais pobres, mas n\u00e3o far\u00e3o atropelando o regimento. Nossa exig\u00eancia ser\u00e1 que, na semana que vem, seja cumprido o interst\u00edcio. N\u00e3o ter\u00e1 vota\u00e7\u00e3o de reforma.\u201d<\/p>\n<p>Segundo Randolfe, se a situa\u00e7\u00e3o insistir na estrat\u00e9gia, a oposi\u00e7\u00e3o far\u00e1 obstru\u00e7\u00e3o regimental, al\u00e9m de j\u00e1 ter apresentado quest\u00e3o de ordem ao final da \u00faltima discuss\u00e3o. \u201cO presidente da casa (Davi Alcolumbre \u2013 DEM-AP) pode muito, mas n\u00e3o pode tudo. Ele tem que cumprir o regimento.\u201d<\/p>\n<p>Embora tenha se declarado a favor de \u201cquebrar\u201d o interst\u00edcio, Alcolumbre admitiu na quarta-feira que a vota\u00e7\u00e3o do segundo turno poder\u00e1 ficar para a segunda quinzena de outubro.<\/p>\n<p>Al\u00e9m da derrubada do regime de capitaliza\u00e7\u00e3o, Jandira Feghali destaca, como vit\u00f3rias importantes na C\u00e2mara dos Deputados, a redu\u00e7\u00e3o do tempo m\u00ednimo de contribui\u00e7\u00e3o para as mulheres e, na transi\u00e7\u00e3o, a previs\u00e3o de 15 anos para homens.<\/p>\n<p>Al\u00e9m disso, a C\u00e2mara impediu que o BPC ficasse abaixo de um sal\u00e1rio m\u00ednimo, que a pens\u00e3o por morte, na aus\u00eancia de outra renda, fosse abaixo do sal\u00e1rio m\u00ednimo, flexibilizou a transi\u00e7\u00e3o para professores e os policiais, \u201capesar de a transi\u00e7\u00e3o ter sido cruel para o conjunto das categorias para quem j\u00e1 est\u00e1 no mercado de trabalho\u201d, observa a deputada.<\/p>\n<p>Ela aponta ainda como vit\u00f3ria importante a derrota do governo em tentar mudar as regras para a aposentadoria rural, que manter\u00e1 a idade m\u00ednima de 55 anos (mulheres) e 60 anos (homens), e o tempo de contribui\u00e7\u00e3o em 15 anos para ambos os sexos.<\/p>\n<p>Apesar das vit\u00f3rias pontuais, o texto final \u201cfoi uma grande derrota para a sociedade\u201d, diz Jandira. \u201cImprimiu para a grande massa de trabalhadores a redu\u00e7\u00e3o de benef\u00edcios e maior dificuldade para a aposentadoria. Um massacre aos trabalhadores pobres e servidores da ponta do sistema. N\u00e3o atingiu grandes privilegiados e sonegadores, colocou sobre a Seguridade, patrim\u00f4nio da sociedade, uma solu\u00e7\u00e3o da economia que n\u00e3o est\u00e1 na Previd\u00eancia, mas na pr\u00f3pria economia.\u201d<\/p>\n<p>Para Jandira, prova de que o<a href=\"https:\/\/www.redebrasilatual.com.br\/economia\/2019\/07\/a-crise-do-capitalismo-sem-consumidores-e-tema-de-debate-do-entre-vistas-com-ladislau-dowbor\/\" target=\"_blank\" rel=\"noopener noreferrer\"> capital financeiro<\/a> foi o grande beneficiado \u00e9 o fato de que, logo ap\u00f3s o segundo turno da C\u00e2mara, os bancos tenham lan\u00e7ado planos de seguro populares. \u00a0\u201cEssa agenda \u00e9 dos bancos, das seguradoras, dos grandes grupos de investimento. N\u00e3o tem nada a ver com gera\u00e7\u00e3o de empregos e investimento p\u00fablico. Essa vit\u00f3ria n\u00e3o \u00e9 da sociedade, n\u00e3o \u00e9 nem do governo, mas do capital financeiro. Mas o que eles mais queriam era o regime de capitaliza\u00e7\u00e3o, e nisso n\u00e3o tiveram a vit\u00f3ria, at\u00e9 aqui.\u201d<\/p>\n<p>Para ela, essa vit\u00f3ria foi da oposi\u00e7\u00e3o e da mobiliza\u00e7\u00e3o poss\u00edvel. \u201cMas a mobiliza\u00e7\u00e3o ficou muito pequena na fase do Senado. Mesmo assim, algumas mexidas os senadores conquistaram.\u201d<\/p>\n<p><strong>Fonte: Rede Brasil Atual<\/strong><\/p>\n","protected":false},"excerpt":{"rendered":"<p>O texto sa\u00eddo da vota\u00e7\u00e3o em primeiro turno da reforma da Previd\u00eancia no Senado trouxe modifica\u00e7\u00f5es importantes ao projeto oriundo da C\u00e2mara dos Deputados. Um dos principais foi o que suprimiu a mudan\u00e7a do abono salarial, que hoje \u00e9 pago a quem recebe at\u00e9 dois sal\u00e1rios m\u00ednimos (R$ 1.996 em 2019) e dever\u00e1 continuar assim. [&hellip;]<\/p>\n","protected":false},"author":2,"featured_media":7671,"comment_status":"","ping_status":"","sticky":false,"template":"","format":"standard","meta":{"footnotes":""},"categories":[3],"tags":[],"class_list":["post-7672","post","type-post","status-publish","format-standard","has-post-thumbnail","hentry","category-noticias"],"_links":{"self":[{"href":"https:\/\/hostnetart.com.br\/baixada\/wp-json\/wp\/v2\/posts\/7672","targetHints":{"allow":["GET"]}}],"collection":[{"href":"https:\/\/hostnetart.com.br\/baixada\/wp-json\/wp\/v2\/posts"}],"about":[{"href":"https:\/\/hostnetart.com.br\/baixada\/wp-json\/wp\/v2\/types\/post"}],"author":[{"embeddable":true,"href":"https:\/\/hostnetart.com.br\/baixada\/wp-json\/wp\/v2\/users\/2"}],"replies":[{"embeddable":true,"href":"https:\/\/hostnetart.com.br\/baixada\/wp-json\/wp\/v2\/comments?post=7672"}],"version-history":[{"count":0,"href":"https:\/\/hostnetart.com.br\/baixada\/wp-json\/wp\/v2\/posts\/7672\/revisions"}],"wp:featuredmedia":[{"embeddable":true,"href":"https:\/\/hostnetart.com.br\/baixada\/wp-json\/wp\/v2\/media\/7671"}],"wp:attachment":[{"href":"https:\/\/hostnetart.com.br\/baixada\/wp-json\/wp\/v2\/media?parent=7672"}],"wp:term":[{"taxonomy":"category","embeddable":true,"href":"https:\/\/hostnetart.com.br\/baixada\/wp-json\/wp\/v2\/categories?post=7672"},{"taxonomy":"post_tag","embeddable":true,"href":"https:\/\/hostnetart.com.br\/baixada\/wp-json\/wp\/v2\/tags?post=7672"}],"curies":[{"name":"wp","href":"https:\/\/api.w.org\/{rel}","templated":true}]}}