{"id":7670,"date":"2019-10-04T03:08:15","date_gmt":"2019-10-04T06:08:15","guid":{"rendered":"https:\/\/hostnetart.com.br\/baixada\/pesquisa-mostra-como-a-desigualdade-de-renda-cresceu-no-brasil\/"},"modified":"2019-10-04T03:08:15","modified_gmt":"2019-10-04T06:08:15","slug":"pesquisa-mostra-como-a-desigualdade-de-renda-cresceu-no-brasil","status":"publish","type":"post","link":"https:\/\/hostnetart.com.br\/baixada\/pesquisa-mostra-como-a-desigualdade-de-renda-cresceu-no-brasil\/","title":{"rendered":"Pesquisa mostra como a desigualdade de renda cresceu no Brasil"},"content":{"rendered":"<p><a href=\"https:\/\/jornal.usp.br\/ciencias\/ciencias-humanas\/com-aumento-do-trabalho-informal-cresce-desigualdade-de-renda-no-brasil\/\" target=\"_blank\" rel=\"noopener noreferrer\">Pesquisa publicada pelo Centro de Estudos da Metr\u00f3pole (CEM-Cepid\/Fapesp)<\/a>\u00a0mostra que as diferen\u00e7as de renda aumentaram entre os que est\u00e3o na base e no topo da pir\u00e2mide dos ganhos advindos do trabalho. De acordo com o pesquisador da Funda\u00e7\u00e3o de Amparo \u00e0 Pesquisa do Estado de S\u00e3o Paulo (Fapesp) Rog\u00e9rio Jer\u00f4nimo Barbosa, a partir do <a href=\"https:\/\/www.redebrasilatual.com.br\/radio\/2014\/12\/brasil-em-2014-sente-de-fato-a-crise-economica-mundial\/\" target=\"_blank\" rel=\"noopener noreferrer\">fim de 2014, a crise econ\u00f4mica<\/a> afetou o mercado de trabalho, o que n\u00e3o s\u00f3 piorou o n\u00famero de desempregados, como tamb\u00e9m o contingente de desalentados \u2013 situa\u00e7\u00e3o em que a pessoa desiste de procurar emprego \u2013 que atualmente s\u00e3o 4,8 milh\u00f5es de pessoas.<\/p>\n<p><a href=\"https:\/\/www.redebrasilatual.com.br\/destaques\/2019\/09\/pochmann-brasil-explosao-desigualdade\/\" target=\"_blank\" rel=\"noopener noreferrer\">A trajet\u00f3ria da desigualdade<\/a>, de acordo com a pesquisa, que re\u00fane dados da Pesquisa Nacional por Amostra de Domic\u00edlios (Pnad) Cont\u00ednua de 2012 ao primeiro trimestre deste ano, \u00e9 identificada em quatro fases. A primeira est\u00e1 na virada da d\u00e9cada de 1990 para 2000, com a renda de trabalho melhor distribu\u00edda. J\u00e1 segunda fase come\u00e7a em 2014, com a crise e o aumento do desemprego.<\/p>\n<p>\u201cA terceira fase, iniciada em 2016, mostra que os trabalhadores que permaneceram empregados ficaram desigualmente distribu\u00eddos. Quem \u2018sobreviveu\u2019 est\u00e1 melhor posicionado, acumula direitos, mas quem est\u00e1 ingressando \u00e9 pior remunerado e tem menos direitos. \u00c9 a\u00ed que a informalidade passa a contabilizar. J\u00e1 na \u00faltima e atual fase, o desemprego estagnou, diminuiu em taxas muito pequenas e a desigualdade cresce entre trabalhadores. H\u00e1 postos cada vez mais prec\u00e1rios sendo gerados de maneira informal\u201d, aponta Rog\u00e9rio, em entrevista aos\u00a0jornalistas Marilu Caba\u00f1as e Glauco Faria, da <strong>R\u00e1dio Brasil Atual<\/strong>.<\/p>\n<p>O estudo mostra que quem ganha mais aumentou a renda, e quem ganha menos viu sua renda ser reduzida ainda mais. Entretanto, os dados s\u00e3o ainda piores. \u201cA gente trabalhou s\u00f3 com a renda do trabalho. Quem recebe essa renda n\u00e3o \u00e9 rico e s\u00e3o exce\u00e7\u00f5es que recebem acima dos R$ 20 mil como sal\u00e1rio, pois o grosso dos mais ricos tem outros meios como fonte e essas pessoas n\u00e3o est\u00e3o na pesquisa\u201d, explicou. \u201cA gente v\u00ea que os \u2018sobreviventes\u2019 do mercado de trabalho, mesmo n\u00e3o sendo ricos, j\u00e1 passam a se distanciar dos demais. Pessoas com empregos protegidos s\u00e3o privilegiadas, mesmo sem ser. O que h\u00e1 \u00e9 uma dist\u00e2ncia entre pessoas mais protegidas e as desprotegidas\u201d, acrescentou.<\/p>\n<p>Por meio de c\u00e1lculos feitos com base na evolu\u00e7\u00e3o dos dados da Pnad e Pnad Cont\u00ednua, Barbosa mostra que, em meados de 2014, os 50% mais pobres se apropriavam de cerca de 5,7% de toda a renda do trabalho. No primeiro trimestre de 2019, o percentual cai para 3,5%. Para este grupo, essa redu\u00e7\u00e3o de 2,2 pontos percentuais representa, em termos relativos, uma queda de quase 40%.<\/p>\n<p><strong>Fonte: Rede Brasil Atual<\/strong><\/p>\n","protected":false},"excerpt":{"rendered":"<p>Pesquisa publicada pelo Centro de Estudos da Metr\u00f3pole (CEM-Cepid\/Fapesp)\u00a0mostra que as diferen\u00e7as de renda aumentaram entre os que est\u00e3o na base e no topo da pir\u00e2mide dos ganhos advindos do trabalho. De acordo com o pesquisador da Funda\u00e7\u00e3o de Amparo \u00e0 Pesquisa do Estado de S\u00e3o Paulo (Fapesp) Rog\u00e9rio Jer\u00f4nimo Barbosa, a partir do fim [&hellip;]<\/p>\n","protected":false},"author":2,"featured_media":7669,"comment_status":"","ping_status":"","sticky":false,"template":"","format":"standard","meta":{"footnotes":""},"categories":[3],"tags":[],"class_list":["post-7670","post","type-post","status-publish","format-standard","has-post-thumbnail","hentry","category-noticias"],"_links":{"self":[{"href":"https:\/\/hostnetart.com.br\/baixada\/wp-json\/wp\/v2\/posts\/7670","targetHints":{"allow":["GET"]}}],"collection":[{"href":"https:\/\/hostnetart.com.br\/baixada\/wp-json\/wp\/v2\/posts"}],"about":[{"href":"https:\/\/hostnetart.com.br\/baixada\/wp-json\/wp\/v2\/types\/post"}],"author":[{"embeddable":true,"href":"https:\/\/hostnetart.com.br\/baixada\/wp-json\/wp\/v2\/users\/2"}],"replies":[{"embeddable":true,"href":"https:\/\/hostnetart.com.br\/baixada\/wp-json\/wp\/v2\/comments?post=7670"}],"version-history":[{"count":0,"href":"https:\/\/hostnetart.com.br\/baixada\/wp-json\/wp\/v2\/posts\/7670\/revisions"}],"wp:featuredmedia":[{"embeddable":true,"href":"https:\/\/hostnetart.com.br\/baixada\/wp-json\/wp\/v2\/media\/7669"}],"wp:attachment":[{"href":"https:\/\/hostnetart.com.br\/baixada\/wp-json\/wp\/v2\/media?parent=7670"}],"wp:term":[{"taxonomy":"category","embeddable":true,"href":"https:\/\/hostnetart.com.br\/baixada\/wp-json\/wp\/v2\/categories?post=7670"},{"taxonomy":"post_tag","embeddable":true,"href":"https:\/\/hostnetart.com.br\/baixada\/wp-json\/wp\/v2\/tags?post=7670"}],"curies":[{"name":"wp","href":"https:\/\/api.w.org\/{rel}","templated":true}]}}