{"id":7666,"date":"2019-10-03T18:19:05","date_gmt":"2019-10-03T21:19:05","guid":{"rendered":"https:\/\/hostnetart.com.br\/baixada\/trabalhadores-e-estudantes-saem-as-ruas-em-defesa-da-educacao-e-da-soberania\/"},"modified":"2019-10-03T18:19:05","modified_gmt":"2019-10-03T21:19:05","slug":"trabalhadores-e-estudantes-saem-as-ruas-em-defesa-da-educacao-e-da-soberania","status":"publish","type":"post","link":"https:\/\/hostnetart.com.br\/baixada\/trabalhadores-e-estudantes-saem-as-ruas-em-defesa-da-educacao-e-da-soberania\/","title":{"rendered":"Trabalhadores e estudantes saem \u00e0s ruas em defesa da educa\u00e7\u00e3o e da soberania"},"content":{"rendered":"<p>Contra os cortes na educa\u00e7\u00e3o do governo Bolsonaro e as amea\u00e7as de privatiza\u00e7\u00e3o de empresas p\u00fablicas, estudantes e trabalhadores saem \u00e0s ruas em diversas capitais e cidades do pa\u00eds nesta quarta-feira (3). Pela manh\u00e3, eles realizaram juntos uma caminhada entre a refinaria Presidente Get\u00falio Vargas (Repar) e a\u00a0F\u00e1brica de Fertilizantes do\u00a0Paran\u00e1\u00a0(Fafen-PR), que ficam em Arauc\u00e1ria, na regi\u00e3o metropolitana de Curitiba, ambas <a href=\"https:\/\/www.redebrasilatual.com.br\/economia\/2019\/08\/petrobras-protesto-liquigas-e-refinarias\/\" target=\"_blank\" rel=\"noopener noreferrer\">na mira<\/a> para serem privatizadas. As manifesta\u00e7\u00f5es tamb\u00e9m marcam os <a href=\"https:\/\/www.redebrasilatual.com.br\/economia\/2019\/10\/aos-66-anos-petrobras-pode-deixar-a-elite-estrategica-do-setor-de-petroleo-mundial\/\" target=\"_blank\" rel=\"noopener noreferrer\">66 anos da Petrobras<\/a>.<\/p>\n<p>Os petroleiros tamb\u00e9m apoiaram a manifesta\u00e7\u00e3o dos estudantes em Fortaleza. Eles se reuniram na reitoria da Universidade Federal do Cear\u00e1 (UFC) e caminharam pelas ruas da capital. Tamb\u00e9m foram registrados atos em Salvador, Manaus, Teresina e Campo Grande. O programa <a href=\"https:\/\/www.redebrasilatual.com.br\/educacao\/2019\/08\/programa-future-se-para-as-universidades-deveria-se-chamar-vire-se\/\" target=\"_blank\" rel=\"noopener noreferrer\">Future-se<\/a>, que prev\u00ea a participa\u00e7\u00e3o do capital privado nas universidades, foi alvo dos protestos.<\/p>\n<p>Durante a tarde, estudantes e petroleiros tamb\u00e9m devem realizar manifesta\u00e7\u00f5es em S\u00e3o Paulo, Rio de Janeiro, e diversas outras capitais. Um dos atos principais vai ocorrer em Curitiba, onde o ex-presidente Luiz In\u00e1cio <a href=\"https:\/\/www.redebrasilatual.com.br\/politica\/2019\/10\/objeto-desejo-lava-jato-diz-lula\/\" target=\"_blank\" rel=\"noopener noreferrer\">Lula<\/a> da Silva \u00e9 mantido como preso pol\u00edtico da Lava Jato desde abril de 2018. Segundo os petroleiros, Lula foi o principal respons\u00e1vel pelos investimentos que fortaleceram a estatal nos \u00faltimos anos e possibilitaram a descoberta do pr\u00e9-sal.<\/p>\n<p>\u201cN\u00e3o estamos falando s\u00f3 de desemprego nas estatais e, sim, em toda a cadeira produtiva, al\u00e9m de riscos de acidentes e piora na presta\u00e7\u00e3o dos servi\u00e7os, pois as empresas privadas s\u00f3 visam o lucro e a alta nos pre\u00e7os. Hoje, o brasileiro j\u00e1 paga caro pelos combust\u00edveis, nossa gasolina \u00e9 a segunda mais cara do mundo porque a pol\u00edtica de pre\u00e7os \u00e9 gerenciada pelo mercado internacional\u201d, afirmou o coordenador da Federa\u00e7\u00e3o \u00danica dos Petroleiros (FUP), Jos\u00e9 Maria Rangel.<\/p>\n<p>O presidente da Uni\u00e3o Nacional dos Estudantes (UNE), Iago Montalv\u00e3o, destacou a import\u00e2ncia dos royalties do pr\u00e9-sal para a Educa\u00e7\u00e3o e as amea\u00e7as a esses investimentos representada pelas sucessivas tentativas de esvaziamento do modelo de partilha, que garante\u00a0participa\u00e7\u00e3o m\u00ednima de 30% da Petrobras nos cons\u00f3rcios de explora\u00e7\u00e3o do pr\u00e9-sal, e a aplica\u00e7\u00e3o dos recursos num fundo social para serem investidos em educa\u00e7\u00e3o (75%) e sa\u00fade (25%). Tamb\u00e9m participam das manifesta\u00e7\u00f5es os integrantes da\u00a0Associa\u00e7\u00e3o Nacional de P\u00f3s-Graduandos (ANPG) e da\u00a0Confedera\u00e7\u00e3o Nacional dos Trabalhadores em Educa\u00e7\u00e3o (CNTE).<\/p>\n<p>\u201cAtualmente a mudan\u00e7a no regime de explora\u00e7\u00e3o dos royalties ainda \u00e9 uma preocupa\u00e7\u00e3o porque impacta diretamente no que foi aprovado pelo Plano Nacional de Educa\u00e7\u00e3o (PNE) para o financiamento de 10% do PIB para a educa\u00e7\u00e3o.\u00a0Se for realmente retirada a prefer\u00eancia da Petrobras na opera\u00e7\u00e3o dos campos do pr\u00e9-sal, automaticamente estamos colocando em risco o controle do governo brasileiro sobre a explora\u00e7\u00e3o, o que pode gerar sonega\u00e7\u00e3o de dados p\u00fablicos e redu\u00e7\u00e3o dos recursos para o Fundo\u201d, afirma Montalv\u00e3o.\u00a0Os estudantes cobram ainda a libera\u00e7\u00e3o de R$ 3,8 bilh\u00f5es do or\u00e7amento da educa\u00e7\u00e3o para o ano de 2018 e a manuten\u00e7\u00e3o das <a href=\"https:\/\/www.redebrasilatual.com.br\/educacao\/2019\/10\/pos-graduandos-greve-quarta-cortes-pesquisa\/\" target=\"_blank\" rel=\"noopener noreferrer\">bolsas de pesquisa<\/a>, entre outras reivindica\u00e7\u00f5es.<\/p>\n<p>No Rio de Janeiro,\u00a0a mobiliza\u00e7\u00e3o dos petroleiros ser\u00e1 em frente \u00e0s sedes da Petrobras e Eletrobras, no central da capital, a partir das 16h. De l\u00e1, eles se encontram com os estudantes na Avenida Presidente Vargas, tamb\u00e9m no centro. Em Curitiba, os manifestantes se concentram\u00a0na Pra\u00e7a Santos Andrade, na regi\u00e3o central, a partir das 17h, de onde sair\u00e3o em passeata.\u00a0Em S\u00e3o Paulo, os manifestantes se concentram a partir das 17h na Avenida Paulista, em frente ao Masp, na Avenida Paulista, com caminhada prevista at\u00e9 a Pra\u00e7a da Rep\u00fablica.<\/p>\n<p><strong>Fonte: Rede Brasil Atual<\/strong><\/p>\n","protected":false},"excerpt":{"rendered":"<p>Contra os cortes na educa\u00e7\u00e3o do governo Bolsonaro e as amea\u00e7as de privatiza\u00e7\u00e3o de empresas p\u00fablicas, estudantes e trabalhadores saem \u00e0s ruas em diversas capitais e cidades do pa\u00eds nesta quarta-feira (3). Pela manh\u00e3, eles realizaram juntos uma caminhada entre a refinaria Presidente Get\u00falio Vargas (Repar) e a\u00a0F\u00e1brica de Fertilizantes do\u00a0Paran\u00e1\u00a0(Fafen-PR), que ficam em Arauc\u00e1ria, [&hellip;]<\/p>\n","protected":false},"author":2,"featured_media":7665,"comment_status":"","ping_status":"","sticky":false,"template":"","format":"standard","meta":{"footnotes":""},"categories":[3],"tags":[],"class_list":["post-7666","post","type-post","status-publish","format-standard","has-post-thumbnail","hentry","category-noticias"],"_links":{"self":[{"href":"https:\/\/hostnetart.com.br\/baixada\/wp-json\/wp\/v2\/posts\/7666","targetHints":{"allow":["GET"]}}],"collection":[{"href":"https:\/\/hostnetart.com.br\/baixada\/wp-json\/wp\/v2\/posts"}],"about":[{"href":"https:\/\/hostnetart.com.br\/baixada\/wp-json\/wp\/v2\/types\/post"}],"author":[{"embeddable":true,"href":"https:\/\/hostnetart.com.br\/baixada\/wp-json\/wp\/v2\/users\/2"}],"replies":[{"embeddable":true,"href":"https:\/\/hostnetart.com.br\/baixada\/wp-json\/wp\/v2\/comments?post=7666"}],"version-history":[{"count":0,"href":"https:\/\/hostnetart.com.br\/baixada\/wp-json\/wp\/v2\/posts\/7666\/revisions"}],"wp:featuredmedia":[{"embeddable":true,"href":"https:\/\/hostnetart.com.br\/baixada\/wp-json\/wp\/v2\/media\/7665"}],"wp:attachment":[{"href":"https:\/\/hostnetart.com.br\/baixada\/wp-json\/wp\/v2\/media?parent=7666"}],"wp:term":[{"taxonomy":"category","embeddable":true,"href":"https:\/\/hostnetart.com.br\/baixada\/wp-json\/wp\/v2\/categories?post=7666"},{"taxonomy":"post_tag","embeddable":true,"href":"https:\/\/hostnetart.com.br\/baixada\/wp-json\/wp\/v2\/tags?post=7666"}],"curies":[{"name":"wp","href":"https:\/\/api.w.org\/{rel}","templated":true}]}}