{"id":7662,"date":"2019-10-03T18:14:45","date_gmt":"2019-10-03T21:14:45","guid":{"rendered":"https:\/\/hostnetart.com.br\/baixada\/bancarios-assinam-acordos-especificos-com-o-bradesco\/"},"modified":"2019-10-03T18:14:45","modified_gmt":"2019-10-03T21:14:45","slug":"bancarios-assinam-acordos-especificos-com-o-bradesco","status":"publish","type":"post","link":"https:\/\/hostnetart.com.br\/baixada\/bancarios-assinam-acordos-especificos-com-o-bradesco\/","title":{"rendered":"Banc\u00e1rios assinam acordos espec\u00edficos com o Bradesco"},"content":{"rendered":"<div class=\"elementor-element elementor-element-194680ec elementor-widget elementor-widget-theme-post-content\" data-id=\"194680ec\" data-element_type=\"widget\" data-widget_type=\"theme-post-content.default\">\n<div class=\"elementor-widget-container\">\n<p>A Confedera\u00e7\u00e3o Nacional dos Trabalhadores do Ramo Financeiro (Contraf-CUT), federa\u00e7\u00f5es e sindicatos assinaram com o Bradesco, na manh\u00e3 desta quinta-feira (3), na sede da Contraf-CUT, em S\u00e3o Paulo, tr\u00eas acordos coletivos aditivos \u00e0 Conven\u00e7\u00e3o Coletiva de Trabalho (CCT) da categoria relacionados \u00e0 direitos espec\u00edficos conquistados pelos trabalhadores.<\/p>\n<p>O acordo do Sistema Alternativo de Controle de Jornada de Trabalho (ponto eletr\u00f4nico) abrange as unidades de todo o pa\u00eds do Bradesco, BBI, Financiamentos, Bradescard, Berj e Losango.<\/p>\n<p>\u201cA renova\u00e7\u00e3o deste acordo significa dizer que os efeitos da \u2018Lei da Liberdade Econ\u00f4mica\u2019, referentes ao controle de ponto dos funcion\u00e1rios n\u00e3o ter\u00e3o efeito no Bradesco\u201d, explicou a presidenta da Confedera\u00e7\u00e3o Nacional dos Trabalhadores do Ramo Financeiro (Contraf-CUT), Juvandia Moreira. \u201cNossa inten\u00e7\u00e3o \u00e9 resguardar os direitos dos trabalhadores e garantir que a marca\u00e7\u00e3o do ponto seja efetuada realmente no momento da entrada e sa\u00edda do trabalho, sem que haja press\u00e3o para que seja marcado o ponto depois do in\u00edcio do trabalho ou antes do t\u00e9rmino, por exemplo\u201d, completou.<\/p>\n<h3><strong>Cipa<\/strong><\/h3>\n<p>Outro acordo assinado nesta quinta-feira \u00e9 sobre a Comiss\u00e3o Interna de Preven\u00e7\u00e3o de Acidentes (Cipa), que garante o treinamento para todos os funcion\u00e1rios designados para exercer as atribui\u00e7\u00f5es da Cipa, o suporte do banco aos cipeiros e a disponibiliza\u00e7\u00e3o pelo banco de informa\u00e7\u00f5es sobre o treinamento e quais funcion\u00e1rios designados est\u00e3o realizando os treinamentos.<\/p>\n<h3><strong>Bradesco Financiamentos<\/strong><\/h3>\n<p>O terceiro acordo assinado nesta quinta-feira \u00e9 espec\u00edfico para os trabalhadores da Bradesco Financiamentos. \u201cAntes esses trabalhadores n\u00e3o tinham as garantias da CCT dos banc\u00e1rios. Com o acordo, eles passam a compor a categoria. Isso foi um ganho muito grande para eles, que ampliam seus rendimentos e ainda a ter direito \u00e0 PLR, aos vales alimenta\u00e7\u00e3o e refei\u00e7\u00e3o, aux\u00edlio creche e todos os demais direitos dos banc\u00e1rios\u201d, afirmou a coordenadora da Comiss\u00e3o de Organiza\u00e7\u00e3o dos Empregados (COE) do Bradesco, Magaly Fagundes.<\/p>\n<p>Outras garantias do acordo com a Bradesco Financiamentos s\u00e3o o descanso de dois dias consecutivos e coincidentes, ao menos em duas vezes por m\u00eas, com s\u00e1bados e domingos; folga de car\u00e1ter compensat\u00f3rio, quando o trabalho ocorrer em dia considerado feriado. Outra garantia \u00e9 o pagamento do valor adicional unit\u00e1rio de R$ 57,67 para cada dia de trabalho que coincidir com s\u00e1bados, domingos e feriados.<\/p>\n<p>Os tr\u00eas acordos assinados nesta quinta-feira t\u00eam validade por dois anos.<\/p>\n<p><strong>Fonte:<\/strong> <strong>Contraf-CUT<\/strong><\/p>\n<\/div>\n<\/div>\n","protected":false},"excerpt":{"rendered":"<p>A Confedera\u00e7\u00e3o Nacional dos Trabalhadores do Ramo Financeiro (Contraf-CUT), federa\u00e7\u00f5es e sindicatos assinaram com o Bradesco, na manh\u00e3 desta quinta-feira (3), na sede da Contraf-CUT, em S\u00e3o Paulo, tr\u00eas acordos coletivos aditivos \u00e0 Conven\u00e7\u00e3o Coletiva de Trabalho (CCT) da categoria relacionados \u00e0 direitos espec\u00edficos conquistados pelos trabalhadores. O acordo do Sistema Alternativo de Controle de [&hellip;]<\/p>\n","protected":false},"author":2,"featured_media":7661,"comment_status":"","ping_status":"","sticky":false,"template":"","format":"standard","meta":{"footnotes":""},"categories":[3],"tags":[],"class_list":["post-7662","post","type-post","status-publish","format-standard","has-post-thumbnail","hentry","category-noticias"],"_links":{"self":[{"href":"https:\/\/hostnetart.com.br\/baixada\/wp-json\/wp\/v2\/posts\/7662","targetHints":{"allow":["GET"]}}],"collection":[{"href":"https:\/\/hostnetart.com.br\/baixada\/wp-json\/wp\/v2\/posts"}],"about":[{"href":"https:\/\/hostnetart.com.br\/baixada\/wp-json\/wp\/v2\/types\/post"}],"author":[{"embeddable":true,"href":"https:\/\/hostnetart.com.br\/baixada\/wp-json\/wp\/v2\/users\/2"}],"replies":[{"embeddable":true,"href":"https:\/\/hostnetart.com.br\/baixada\/wp-json\/wp\/v2\/comments?post=7662"}],"version-history":[{"count":0,"href":"https:\/\/hostnetart.com.br\/baixada\/wp-json\/wp\/v2\/posts\/7662\/revisions"}],"wp:featuredmedia":[{"embeddable":true,"href":"https:\/\/hostnetart.com.br\/baixada\/wp-json\/wp\/v2\/media\/7661"}],"wp:attachment":[{"href":"https:\/\/hostnetart.com.br\/baixada\/wp-json\/wp\/v2\/media?parent=7662"}],"wp:term":[{"taxonomy":"category","embeddable":true,"href":"https:\/\/hostnetart.com.br\/baixada\/wp-json\/wp\/v2\/categories?post=7662"},{"taxonomy":"post_tag","embeddable":true,"href":"https:\/\/hostnetart.com.br\/baixada\/wp-json\/wp\/v2\/tags?post=7662"}],"curies":[{"name":"wp","href":"https:\/\/api.w.org\/{rel}","templated":true}]}}