{"id":7660,"date":"2019-10-03T18:00:40","date_gmt":"2019-10-03T21:00:40","guid":{"rendered":"https:\/\/hostnetart.com.br\/baixada\/aumenta-o-numero-de-feminicidios-no-brasil-2\/"},"modified":"2019-10-03T18:00:40","modified_gmt":"2019-10-03T21:00:40","slug":"aumenta-o-numero-de-feminicidios-no-brasil-2","status":"publish","type":"post","link":"https:\/\/hostnetart.com.br\/baixada\/aumenta-o-numero-de-feminicidios-no-brasil-2\/","title":{"rendered":"Aumenta o n\u00famero de feminic\u00eddios no Brasil"},"content":{"rendered":"<div class=\"elementor-element elementor-element-194680ec elementor-widget elementor-widget-theme-post-content\" data-id=\"194680ec\" data-element_type=\"widget\" data-widget_type=\"theme-post-content.default\">\n<div class=\"elementor-widget-container\">\n<p>A realidade das mulheres no Brasil \u00e9 assustadora. De acordo com Denise Motta Dau, ex-Secret\u00e1ria Municipal de Pol\u00edticas para as Mulheres de S\u00e3o Paulo, a cada quatro minutos, uma mulher sofre agress\u00e3o no Brasil, na maioria, v\u00edtimas de pessoas pr\u00f3ximas a elas. Em m\u00e9dia, todos os dias, 180 mulheres s\u00e3o estupradas em nosso pa\u00eds, a maioria negras e agora tamb\u00e9m com a amplia\u00e7\u00e3o do n\u00famero de crian\u00e7as violentadas. Vale ressaltar que neste caso, a maioria dos criminosos s\u00e3o da fam\u00edlia ou conhecidos.<br \/> Segundo Denise Motta, o mercado de trabalho para as mulheres tamb\u00e9m \u00e9 outro problema grave, que exige a busca de solu\u00e7\u00f5es por parte dos governos. Enquanto a m\u00e9dia recente de desemprego \u00e9 de 12%, para as mulheres a taxa \u00e9 de 14% e para os homens, \u00e9 menor, de 10,3%. A precariza\u00e7\u00e3o e a informalidade do trabalho feminino tamb\u00e9m aumentaram e as condi\u00e7\u00f5es de trabalho, remunera\u00e7\u00e3o e jornada pioraram.<br \/> \u201cNeste contexto, a sociedade sofre com a falta de pol\u00edticas p\u00fablicas para preven\u00e7\u00e3o e atendimento \u00e0s mulheres em situa\u00e7\u00e3o de viol\u00eancia e de amplia\u00e7\u00e3o de oportunidades de trabalho decente. A Casa da Mulher Brasileira da cidade de S\u00e3o Paulo, por exemplo, que foi constru\u00edda em 2016, at\u00e9 hoje n\u00e3o foi inaugurada\u201d, afirmou Denise Motta.<\/p>\n<h3>A import\u00e2ncia da Casa da Mulher Brasileira<\/h3>\n<p>Fruto e parte principal do Programa \u201cMulher, viver sem viol\u00eancia\u201d, lan\u00e7ado em 2013, pela Secretaria de Pol\u00edticas para as Mulheres do Governo Federal, o projeto realizou v\u00e1rias a\u00e7\u00f5es, servi\u00e7os de combate \u00e0 viol\u00eancia contra a mulher, entre os quais consta a instala\u00e7\u00e3o de uma Casa da Mulher Brasileira (CMB), em cada capital de Estado.<br \/> O programa, e a pr\u00f3pria cria\u00e7\u00e3o da Casa da Mulher Brasileira, t\u00eam uma caracter\u00edstica que nem sempre \u00e9 observada e valorizada pela maioria dos governos. A ideia e a maneira como foi aplicada na pr\u00e1tica n\u00e3o vieram da cabe\u00e7a de um pequeno grupo de t\u00e9cnicos ou burocratas que consideram saber, sozinhos, do que o povo precisa. Tudo foi resultado de uma s\u00e9rie de encontros, realizada em diversos pontos do Brasil, com a participa\u00e7\u00e3o de mulheres de todas as classes sociais, ra\u00e7as, credos, profiss\u00f5es e n\u00edveis educacionais. Em S\u00e3o Paulo, esse encontro aconteceu durante a V Confer\u00eancia Municipal de Pol\u00edticas para as Mulheres, em setembro de 2015, e subsidiou a elabora\u00e7\u00e3o do Plano Municipal de Pol\u00edticas para as Mulheres.<br \/> Das propostas apresentadas e debatidas naquela ocasi\u00e3o, uma que se destacou foi a de que era necess\u00e1ria a amplia\u00e7\u00e3o de servi\u00e7os como Centros de Refer\u00eancia da Mulher, Centros de Cidadania da Mulher, Casas de Abrigamento Provis\u00f3rio e Casas Abrigos \u2013 essas inclusive de endere\u00e7o sigiloso \u2013 para melhoria da abrang\u00eancia e da qualidade do atendimento em seus v\u00e1rios aspectos. Eram necess\u00e1rios programas e ferramentas mais eficazes e bem planejados, funcionando de maneira combinada, para combater a viol\u00eancia, o racismo, machismo e homofobia, que afetam a vida das mulheres cotidianamente. As mulheres tamb\u00e9m propuseram e exigiram a implanta\u00e7\u00e3o de iniciativas de forma\u00e7\u00e3o profissional, gera\u00e7\u00e3o de emprego e renda e aumento da participa\u00e7\u00e3o social, cultural e pol\u00edtica nos diversos espa\u00e7os.<br \/> Esse tipo de servi\u00e7o \u2013 o da CMB \u2013 \u00e9 in\u00e9dito em nosso pa\u00eds, pois prev\u00ea a implanta\u00e7\u00e3o no mesmo local de diferentes institui\u00e7\u00f5es p\u00fablicas especializadas para acolher a mulher que sofreu viol\u00eancia ou ainda est\u00e1 em situa\u00e7\u00e3o de viol\u00eancia, a saber: atendimento social, psicol\u00f3gico, jur\u00eddico, alojamento de curta dura\u00e7\u00e3o, Delegacia da Mulher, Juizado Especial, Promotoria P\u00fablica , Defensoria P\u00fablica, brinquedoteca para as crian\u00e7as permanecerem enquanto as usu\u00e1rias s\u00e3o atendidas, capacita\u00e7\u00e3o para autonomia econ\u00f4mica e encaminhamento para emprego. Essa concentra\u00e7\u00e3o de servi\u00e7os multiprofissionais em um mesmo local e em articula\u00e7\u00e3o com o Sistema \u00danico de Sa\u00fade e com os servi\u00e7os da rede de enfrentamento \u00e0 viol\u00eancia de g\u00eanero, objetivam garantir maior efic\u00e1cia e humaniza\u00e7\u00e3o, evitando que a mulher seja obrigada a fazer uma maratona por v\u00e1rios e distantes servi\u00e7os.<\/p>\n<p>\u00a0<\/p>\n<p><strong>Fonte: Contraf-CUT<\/strong><\/p>\n<\/div>\n<\/div>\n","protected":false},"excerpt":{"rendered":"<p>A realidade das mulheres no Brasil \u00e9 assustadora. De acordo com Denise Motta Dau, ex-Secret\u00e1ria Municipal de Pol\u00edticas para as Mulheres de S\u00e3o Paulo, a cada quatro minutos, uma mulher sofre agress\u00e3o no Brasil, na maioria, v\u00edtimas de pessoas pr\u00f3ximas a elas. Em m\u00e9dia, todos os dias, 180 mulheres s\u00e3o estupradas em nosso pa\u00eds, a [&hellip;]<\/p>\n","protected":false},"author":2,"featured_media":7659,"comment_status":"","ping_status":"","sticky":false,"template":"","format":"standard","meta":{"footnotes":""},"categories":[3],"tags":[],"class_list":["post-7660","post","type-post","status-publish","format-standard","has-post-thumbnail","hentry","category-noticias"],"_links":{"self":[{"href":"https:\/\/hostnetart.com.br\/baixada\/wp-json\/wp\/v2\/posts\/7660","targetHints":{"allow":["GET"]}}],"collection":[{"href":"https:\/\/hostnetart.com.br\/baixada\/wp-json\/wp\/v2\/posts"}],"about":[{"href":"https:\/\/hostnetart.com.br\/baixada\/wp-json\/wp\/v2\/types\/post"}],"author":[{"embeddable":true,"href":"https:\/\/hostnetart.com.br\/baixada\/wp-json\/wp\/v2\/users\/2"}],"replies":[{"embeddable":true,"href":"https:\/\/hostnetart.com.br\/baixada\/wp-json\/wp\/v2\/comments?post=7660"}],"version-history":[{"count":0,"href":"https:\/\/hostnetart.com.br\/baixada\/wp-json\/wp\/v2\/posts\/7660\/revisions"}],"wp:featuredmedia":[{"embeddable":true,"href":"https:\/\/hostnetart.com.br\/baixada\/wp-json\/wp\/v2\/media\/7659"}],"wp:attachment":[{"href":"https:\/\/hostnetart.com.br\/baixada\/wp-json\/wp\/v2\/media?parent=7660"}],"wp:term":[{"taxonomy":"category","embeddable":true,"href":"https:\/\/hostnetart.com.br\/baixada\/wp-json\/wp\/v2\/categories?post=7660"},{"taxonomy":"post_tag","embeddable":true,"href":"https:\/\/hostnetart.com.br\/baixada\/wp-json\/wp\/v2\/tags?post=7660"}],"curies":[{"name":"wp","href":"https:\/\/api.w.org\/{rel}","templated":true}]}}