{"id":7658,"date":"2019-10-02T16:59:53","date_gmt":"2019-10-02T19:59:53","guid":{"rendered":"https:\/\/hostnetart.com.br\/baixada\/presidente-da-caixa-admite-que-o-fechamento-de-agencias-e-uma-possibilidade\/"},"modified":"2019-10-02T16:59:53","modified_gmt":"2019-10-02T19:59:53","slug":"presidente-da-caixa-admite-que-o-fechamento-de-agencias-e-uma-possibilidade","status":"publish","type":"post","link":"https:\/\/hostnetart.com.br\/baixada\/presidente-da-caixa-admite-que-o-fechamento-de-agencias-e-uma-possibilidade\/","title":{"rendered":"Presidente da Caixa admite que o fechamento de ag\u00eancias \u00e9 uma possibilidade"},"content":{"rendered":"<p>Em audi\u00eancia p\u00fablica, realizada nesta ter\u00e7a-feira (1\u00ba), em Bras\u00edlia, na Comiss\u00e3o de Trabalho, Administra\u00e7\u00e3o e Servi\u00e7os P\u00fablicos (CTASP) da C\u00e2mara dos Deputados, o presidente da Caixa, Pedro Guimar\u00e3es, admitiu a possibilidade de abertura de capital e o fechamento de ag\u00eancias que pode acontecer depois dos pagamentos do FGTS (que terminam em 2020) e se trata de \u201cuma quest\u00e3o matem\u00e1tica\u201d.<\/p>\n<p>Convocada pela deputada federal Erika Kokay (PT\/DF), a audi\u00eancia, que contou com a presen\u00e7a de dirigente da Federa\u00e7\u00e3o Nacional das Associa\u00e7\u00f5es do Pessoal da Caixa (Fenae) e da Confedera\u00e7\u00e3o Nacional dos Trabalhadores do Ramo Financeiro (Contraf-CUT), cobrou esclarecimentos sobre privatiza\u00e7\u00f5es de \u00e1reas rent\u00e1veis e estrat\u00e9gias do banco, processo de reestrutura\u00e7\u00e3o em curso, al\u00e9m do enfraquecimento da empresa estatal, que est\u00e1 sendo fatiada comprometendo o papel social que a Caixa desempenha desde 1861.<\/p>\n<p>Segundo Jair Ferreira, presidente da Fenae, mesmo que tenha dito que abrir o capital n\u00e3o \u00e9 privatiza\u00e7\u00e3o, fica clara a inten\u00e7\u00e3o de enfraquecer a empresa, que deixar\u00e1 de ser 100% p\u00fablica para atender a interesses de acionistas.<\/p>\n<h3>Contrata\u00e7\u00e3o de 800 empregados \u00e9 insuficiente<\/h3>\n<p>Durante a audi\u00eancia o presidente da Caixa anunciou a contrata\u00e7\u00e3o de 800 empregados, que se somar\u00e3o aos cerca de 2 mil PCDs (pessoas com defici\u00eancia) contratados recentemente. \u201cDiante de forte mobiliza\u00e7\u00e3o e luta dos empregados da Caixa, a estatal anuncia a contrata\u00e7\u00e3o de mais 800 pessoas. Trata-se de um n\u00famero consideravelmente baixo, perto do n\u00famero de demitidos pela Caixa de todo o pa\u00eds. A contrata\u00e7\u00e3o dos PCDs, que foi recomendada pelo Minist\u00e9rio P\u00fablico ainda n\u00e3o atende ao percentual exigido por lei. Devemos continuar a luta por mais contrata\u00e7\u00f5es e intensificar ainda mais as mobiliza\u00e7\u00f5es. S\u00f3 assim, avan\u00e7amos com as nossas pautas de reivindica\u00e7\u00f5es e garantimos direitos conquistados\u201d, destacou o coordenador da Comiss\u00e3o Executiva dos Empregados da Caixa Econ\u00f4mica Federal (CEE\/Caixa), Dion\u00edsio Reis.<\/p>\n<p>Para Dion\u00edsio o an\u00fancio destas contrata\u00e7\u00f5es n\u00e3o supre a demanda reprimida das ag\u00eancias e mesmo somado nem sequer rep\u00f5e as tr\u00eas mil demiss\u00f5es ocorridas s\u00f3 neste ano. A quest\u00e3o do n\u00famero de funcion\u00e1rios \u00e9 um dos principais problemas enfrentados hoje pelos empregados da Caixa. Em 2014, o banco contava com 101 mil trabalhadores e um d\u00e9ficit de 2 mil. Agora, tem 84 mil \u2013 17 mil a menos.<\/p>\n<h3>Processo de reestrutura\u00e7\u00e3o amea\u00e7a empregados da Caixa<\/h3>\n<p>O processo de reestrutura\u00e7\u00e3o em curso adotado pelo banco unilateralmente amea\u00e7a o desligamento um grande n\u00famero de empregados da Caixa.<br \/>\u201cOs representantes dos trabalhadores entendem que esse processo seja imediatamente interrompido, pois se trata de ass\u00e9dio moral, obrigando os trabalhadores a sa\u00edrem, sem nenhuma alternativa\u201d, avalia Fabiana Uehara, secret\u00e1ria de Cultura da Contraf-CUT e representante da Confedera\u00e7\u00e3o nas negocia\u00e7\u00f5es com o banco.<\/p>\n<p>Os n\u00fameros da pesquisa feita pela Fenae, revelam que 60% dos empregados se dizem sobrecarregados de trabalho, em situa\u00e7\u00e3o de ass\u00e9dio moral, temendo a reestrutura\u00e7\u00e3o, mudan\u00e7as bruscas na vida funcional, e afirmam que sofrem com planos de metas n\u00e3o debatidos com os empregados.<\/p>\n<p><strong>Fonte: Contraf-CUT<\/strong><\/p>\n","protected":false},"excerpt":{"rendered":"<p>Em audi\u00eancia p\u00fablica, realizada nesta ter\u00e7a-feira (1\u00ba), em Bras\u00edlia, na Comiss\u00e3o de Trabalho, Administra\u00e7\u00e3o e Servi\u00e7os P\u00fablicos (CTASP) da C\u00e2mara dos Deputados, o presidente da Caixa, Pedro Guimar\u00e3es, admitiu a possibilidade de abertura de capital e o fechamento de ag\u00eancias que pode acontecer depois dos pagamentos do FGTS (que terminam em 2020) e se trata [&hellip;]<\/p>\n","protected":false},"author":2,"featured_media":7657,"comment_status":"","ping_status":"","sticky":false,"template":"","format":"standard","meta":{"footnotes":""},"categories":[3],"tags":[],"class_list":["post-7658","post","type-post","status-publish","format-standard","has-post-thumbnail","hentry","category-noticias"],"_links":{"self":[{"href":"https:\/\/hostnetart.com.br\/baixada\/wp-json\/wp\/v2\/posts\/7658","targetHints":{"allow":["GET"]}}],"collection":[{"href":"https:\/\/hostnetart.com.br\/baixada\/wp-json\/wp\/v2\/posts"}],"about":[{"href":"https:\/\/hostnetart.com.br\/baixada\/wp-json\/wp\/v2\/types\/post"}],"author":[{"embeddable":true,"href":"https:\/\/hostnetart.com.br\/baixada\/wp-json\/wp\/v2\/users\/2"}],"replies":[{"embeddable":true,"href":"https:\/\/hostnetart.com.br\/baixada\/wp-json\/wp\/v2\/comments?post=7658"}],"version-history":[{"count":0,"href":"https:\/\/hostnetart.com.br\/baixada\/wp-json\/wp\/v2\/posts\/7658\/revisions"}],"wp:featuredmedia":[{"embeddable":true,"href":"https:\/\/hostnetart.com.br\/baixada\/wp-json\/wp\/v2\/media\/7657"}],"wp:attachment":[{"href":"https:\/\/hostnetart.com.br\/baixada\/wp-json\/wp\/v2\/media?parent=7658"}],"wp:term":[{"taxonomy":"category","embeddable":true,"href":"https:\/\/hostnetart.com.br\/baixada\/wp-json\/wp\/v2\/categories?post=7658"},{"taxonomy":"post_tag","embeddable":true,"href":"https:\/\/hostnetart.com.br\/baixada\/wp-json\/wp\/v2\/tags?post=7658"}],"curies":[{"name":"wp","href":"https:\/\/api.w.org\/{rel}","templated":true}]}}