{"id":7652,"date":"2019-10-02T13:52:40","date_gmt":"2019-10-02T16:52:40","guid":{"rendered":"https:\/\/hostnetart.com.br\/baixada\/trabalhadores-rejeitam-quebra-de-monopolio-da-caixa-na-gestao-do-fgts\/"},"modified":"2019-10-02T13:52:40","modified_gmt":"2019-10-02T16:52:40","slug":"trabalhadores-rejeitam-quebra-de-monopolio-da-caixa-na-gestao-do-fgts","status":"publish","type":"post","link":"https:\/\/hostnetart.com.br\/baixada\/trabalhadores-rejeitam-quebra-de-monopolio-da-caixa-na-gestao-do-fgts\/","title":{"rendered":"Trabalhadores rejeitam quebra de monop\u00f3lio da Caixa na gest\u00e3o do FGTS"},"content":{"rendered":"<p>Em audi\u00eancia p\u00fablica hoje (1\u00ba) na Comiss\u00e3o de Trabalho, Administra\u00e7\u00e3o e Servi\u00e7o P\u00fablico da C\u00e2mara, o presidente da Federa\u00e7\u00e3o Nacional das Associa\u00e7\u00f5es do Pessoal da Caixa Econ\u00f4mica Federal (Fenae), Jair Pedro Ferreira, voltou a criticar o projeto do governo Bolsonaro de quebrar o\u00a0<a href=\"https:\/\/www.redebrasilatual.com.br\/economia\/2019\/09\/fgts-centralizado-na-caixa\/\" target=\"_blank\" rel=\"noopener noreferrer\">monop\u00f3lio da Caixa<\/a>\u00a0na gest\u00e3o do Fundo de Garantia do Tempo de Servi\u00e7o (FGTS). \u201cN\u00f3s defendemos que fique na Caixa\u201d, afirmou o<a href=\"https:\/\/www.redebrasilatual.com.br\/economia\/2018\/09\/fenae-repudia-mais-um-ataque-contra-a-caixa-100-publica\/\" target=\"_blank\" rel=\"noopener noreferrer\">\u00a0dirigente<\/a>. \u201cAt\u00e9 1990, o FGTS era espalhado nos bancos e hoje defendemos que fique na Caixa, porque todos os trabalhadores sabem que se sair n\u00f3s estamos perdendo. At\u00e9 1990 n\u00e3o funcionou bem, e tem gente sem receber as contas inativas at\u00e9 hoje.\u201d<\/p>\n<p>Ferreira tamb\u00e9m mostrou preocupa\u00e7\u00e3o com o destino dos 8 mil funcion\u00e1rios do banco que est\u00e3o envolvidos com o FGTS. Ele destacou ainda que a Caixa tem 60 mil pontos de atendimento no pa\u00eds, o que representa sua alta capilaridade, e que \u00e9 um desperd\u00edcio perder o FGTS. \u201cA\u00a0<a href=\"https:\/\/www.redebrasilatual.com.br\/economia\/2019\/07\/lava-jato-ampliou-crise-desemprego-construcao-civil\/\" target=\"_blank\" rel=\"noopener noreferrer\">constru\u00e7\u00e3o civil<\/a>\u00a0vai perder muito\u201d, acrescentou o presidente da Fenae, em rela\u00e7\u00e3o aos impactos da medida.<\/p>\n<p>A audi\u00eancia desta tarde est\u00e1 sendo realizada com requerimento da deputada Erika Kokay (PT-DF), que convidou o presidente do banco, Pedro Guimar\u00e3es, para falar dos planos para a institui\u00e7\u00e3o financeira durante o governo Bolsonaro. Guimar\u00e3es destacou algumas das medidas que pretende levar adiante durante sua gest\u00e3o e mostrou que se esfor\u00e7o \u00e0 frente da institui\u00e7\u00e3o \u00e9 voltado para a lucratividade e redu\u00e7\u00e3o de custos. Ele tamb\u00e9m defende que cumpre uma gest\u00e3o t\u00e9cnica e que n\u00e3o h\u00e1 inger\u00eancia pol\u00edtica de partidos na institui\u00e7\u00e3o. \u201cEu nunca tive filia\u00e7\u00e3o pol\u00edtica, n\u00e3o tenho Facebook, nem Twitter, eu sou um t\u00e9cnico\u201d, disse Guimar\u00e3es para defender sua atua\u00e7\u00e3o.<\/p>\n<p>Guimar\u00e3es tamb\u00e9m admitiu que pode fechar ag\u00eancias do banco. Segundo ele, isso pode acontecer depois dos pagamentos do FGTS, que v\u00e3o at\u00e9 2020. Ele classificou essa medida como uma quest\u00e3o matem\u00e1tica.<\/p>\n<h5>Pol\u00edticas p\u00fablicas<\/h5>\n<p>Mas Ferreira disse que os\u00a0 trabalhadores s\u00e3o contr\u00e1rios a medidas pretendidas pelo governo, e citou a venda para o mercado de carteiras rent\u00e1veis do banco, o que pode afetar a efici\u00eancia em rela\u00e7\u00e3o \u00e0s\u00a0<a href=\"https:\/\/www.redebrasilatual.com.br\/politica\/2019\/04\/decreto-de-bolsonaro-extingue-orgaos-de-participacao-popular\/\" target=\"_blank\" rel=\"noopener noreferrer\">pol\u00edticas p\u00fablicas<\/a>. \u201cTem sido falado na imprensa que se trata da venda de segmentos da Caixa, por isso se criou a Caixa Seguridade, agora Caixa Loterias, e isso ser\u00e1 vendido, e a sociedade perde fonte de receitas para os programas sociais\u201d, disse. \u201cSai uma empresa de dentro da Caixa, desloca trabalhadores e isso \u00e9 preocupante\u201d. Ele lembrou ainda que a institui\u00e7\u00e3o perdeu 18 mil postos de trabalho nos \u00faltimos anos.<\/p>\n<p>\u201cAdoecem os trabalhadores e dificulta o atendimento \u00e0 popula\u00e7\u00e3o brasileira. Est\u00e3o criando uma empresa de cart\u00f5es, ou seja, tudo isso para os empregados s\u00e3o amea\u00e7as. Isso \u00e9 o encolhimentos da empresa. O banco \u00e9 um instrumento importante do estado brasileiro\u201d, disse Ferreira, em defesa do papel p\u00fablico da institui\u00e7\u00e3o.<\/p>\n<p>A deputada Erika Kokay tamb\u00e9m ecoou as preocupa\u00e7\u00f5es de Ferreira com as empresas que a Caixa est\u00e1 criando e citou o caso das loterias. \u201cO que tem sido dito \u00e9 que a loteria ter\u00e1 capital aberto, mas mais de 30% dos recursos s\u00e3o revertidos em pol\u00edticas sociais\u201d, disse. Segundo Erika, a Caixa corre risco de perder seu papel social em fun\u00e7\u00e3o dessa cria\u00e7\u00e3o de empresas, que ela chamou de \u201cesquartejamento\u201d do banco p\u00fablico.<\/p>\n<p>Representante do Dieese na audi\u00eancia, Sergio Lisboa tamb\u00e9m defendeu o papel p\u00fablico da institui\u00e7\u00e3o. Lisboa destacou que o banco, em primeiro lugar, \u00e9 indutor do desenvolvimento econ\u00f4mico, e tem participa\u00e7\u00e3o na economia em lugares em que os bancos privados n\u00e3o chegam. \u201cA participa\u00e7\u00e3o da Caixa \u00e9 hist\u00f3rica. Tem munic\u00edpios que s\u00e3o 100% de bancos p\u00fablicos\u201d. No pa\u00eds, cerca de 750 munic\u00edpios s\u00f3 t\u00eam a Caixa como institui\u00e7\u00e3o financeira.<\/p>\n<p>Al\u00e9m disso, Lisboa lembrou que 72% do<a href=\"https:\/\/www.redebrasilatual.com.br\/economia\/2014\/01\/credito-imobiliario-da-caixa-e-recorde-em-2013-502\/\" target=\"_blank\" rel=\"noopener noreferrer\">\u00a0cr\u00e9dito imobili\u00e1rio no pa\u00eds<\/a>\u00a0\u00e9 oferecido pela Caixa. Outro ponto de destaque do banco, segundo ele, \u00e9 a atua\u00e7\u00e3o com cr\u00e9dito em per\u00edodos de dificuldades econ\u00f4micas. \u201cS\u00e3o pol\u00edticas antic\u00edclicas, que todos os pa\u00edses fazem, como os Estados Unidos na crise de 2008\u201d, disse. O t\u00e9cnico afirmou ainda que o banco p\u00fablico \u00e9 importante para a cria\u00e7\u00e3o de empregos, como na constru\u00e7\u00e3o civil, e para o combate ao d\u00e9ficit habitacional.<\/p>\n<p><strong>Fonte: Rede Brasil Atual<\/strong><\/p>\n","protected":false},"excerpt":{"rendered":"<p>Em audi\u00eancia p\u00fablica hoje (1\u00ba) na Comiss\u00e3o de Trabalho, Administra\u00e7\u00e3o e Servi\u00e7o P\u00fablico da C\u00e2mara, o presidente da Federa\u00e7\u00e3o Nacional das Associa\u00e7\u00f5es do Pessoal da Caixa Econ\u00f4mica Federal (Fenae), Jair Pedro Ferreira, voltou a criticar o projeto do governo Bolsonaro de quebrar o\u00a0monop\u00f3lio da Caixa\u00a0na gest\u00e3o do Fundo de Garantia do Tempo de Servi\u00e7o (FGTS). [&hellip;]<\/p>\n","protected":false},"author":2,"featured_media":7651,"comment_status":"","ping_status":"","sticky":false,"template":"","format":"standard","meta":{"footnotes":""},"categories":[3],"tags":[],"class_list":["post-7652","post","type-post","status-publish","format-standard","has-post-thumbnail","hentry","category-noticias"],"_links":{"self":[{"href":"https:\/\/hostnetart.com.br\/baixada\/wp-json\/wp\/v2\/posts\/7652","targetHints":{"allow":["GET"]}}],"collection":[{"href":"https:\/\/hostnetart.com.br\/baixada\/wp-json\/wp\/v2\/posts"}],"about":[{"href":"https:\/\/hostnetart.com.br\/baixada\/wp-json\/wp\/v2\/types\/post"}],"author":[{"embeddable":true,"href":"https:\/\/hostnetart.com.br\/baixada\/wp-json\/wp\/v2\/users\/2"}],"replies":[{"embeddable":true,"href":"https:\/\/hostnetart.com.br\/baixada\/wp-json\/wp\/v2\/comments?post=7652"}],"version-history":[{"count":0,"href":"https:\/\/hostnetart.com.br\/baixada\/wp-json\/wp\/v2\/posts\/7652\/revisions"}],"wp:featuredmedia":[{"embeddable":true,"href":"https:\/\/hostnetart.com.br\/baixada\/wp-json\/wp\/v2\/media\/7651"}],"wp:attachment":[{"href":"https:\/\/hostnetart.com.br\/baixada\/wp-json\/wp\/v2\/media?parent=7652"}],"wp:term":[{"taxonomy":"category","embeddable":true,"href":"https:\/\/hostnetart.com.br\/baixada\/wp-json\/wp\/v2\/categories?post=7652"},{"taxonomy":"post_tag","embeddable":true,"href":"https:\/\/hostnetart.com.br\/baixada\/wp-json\/wp\/v2\/tags?post=7652"}],"curies":[{"name":"wp","href":"https:\/\/api.w.org\/{rel}","templated":true}]}}