{"id":7650,"date":"2019-10-02T13:51:03","date_gmt":"2019-10-02T16:51:03","guid":{"rendered":"https:\/\/hostnetart.com.br\/baixada\/dieese-diminuir-mercado-interno-empobrecer-populacao-e-cortar-direitos-nao-levara-ao-crescimento\/"},"modified":"2019-10-02T13:51:03","modified_gmt":"2019-10-02T16:51:03","slug":"dieese-diminuir-mercado-interno-empobrecer-populacao-e-cortar-direitos-nao-levara-ao-crescimento","status":"publish","type":"post","link":"https:\/\/hostnetart.com.br\/baixada\/dieese-diminuir-mercado-interno-empobrecer-populacao-e-cortar-direitos-nao-levara-ao-crescimento\/","title":{"rendered":"Dieese: diminuir mercado interno, empobrecer popula\u00e7\u00e3o e cortar direitos n\u00e3o levar\u00e1 ao crescimento"},"content":{"rendered":"<p>\u201cDiminuir o mercado interno, empobrecer a popula\u00e7\u00e3o, piorar a vida dos trabalhadores e reduzir direitos sociais e trabalhistas n\u00e3o \u00e9 maneira de enfrentar os problemas e estimular o crescimento econ\u00f4mico\u201d, afirma o Dieese em seu\u00a0<em>Boletim de Conjuntura<\/em>, que na edi\u00e7\u00e3o mais recente traz o t\u00edtulo\u00a0<em>A perversa marcha da insensatez<\/em>. O instituto n\u00e3o v\u00ea perspectiva de recupera\u00e7\u00e3o: \u201cO que se assiste \u00e9 a continuidade da deteriora\u00e7\u00e3o das condi\u00e7\u00f5es de emprego e renda dos trabalhadores\u201d.<\/p>\n<p>A nota faz refer\u00eancia \u00e0 Proposta de Emenda \u00e0 Constitui\u00e7\u00e3o (PEC) 6\/2019, de \u201creforma\u201d da Previd\u00eancia,<a href=\"https:\/\/www.redebrasilatual.com.br\/politica\/2019\/10\/ccj-senado-aprova-reforma-da-previdencia\/\" target=\"_blank\" rel=\"noopener noreferrer\">\u00a0que nesta ter\u00e7a-feira (1\u00ba) foi aprovada na Comiss\u00e3o de Constitui\u00e7\u00e3o e Justi\u00e7a do Senado e remetida ao plen\u00e1rio da Casa<\/a>. \u201cSe aprovada, provocar\u00e1\u00a0grande preju\u00edzo social e econ\u00f4mico a quase 100 milh\u00f5es de brasileiros que dependem direta ou indiretamente da Previd\u00eancia Social\u201d, afirma o Dieese. \u201cSistemas de seguridade social que proporcionam condi\u00e7\u00f5es razo\u00e1veis de sa\u00fade, previd\u00eancia e assist\u00eancia social encontram-se no \u2018olho do furac\u00e3o\u2019 no mundo todo.\u201d<\/p>\n<p>De acordo com o instituto, mesmo assessorias empresariais j\u00e1 apontam um longo caminho de retomada, pulando o pr\u00f3ximo ano: ainda que o Produto Interno Bruto (PIB) retorne em 2021 ao patamar anterior \u00e0 crise, o PIB per capita s\u00f3 voltar\u00e1 a esse n\u00edvel em 2023. O documento chama a aten\u00e7\u00e3o para o caso da Argentina, \u201ccujo governo aplicou programa econ\u00f4mico semelhante ao do governo brasileiro\u201d, que demonstra em certa medida o que pode acontecer aqui. \u201cAl\u00e9m de crescimento med\u00edocre e do empobrecimento da popula\u00e7\u00e3o, a instabilidade financeira tornou a situa\u00e7\u00e3o dram\u00e1tica no pa\u00eds vizinho. Em 2018, em decorr\u00eancia de uma crise cambial, o pa\u00eds teve que voltar a recorrer ao Fundo Monet\u00e1rio Internacional (FMI), sob pena de sofrer um processo de quebradeira financeira. Juros altos, recess\u00e3o, desemprego nas alturas e infla\u00e7\u00e3o de quase 50%, marcaram a economia do pa\u00eds nesse per\u00edodo.\u201d<\/p>\n<p>J\u00e1 o Brasil sofre um \u201ccolapso\u201d de investimentos produtivos, afirma o Dieese, com a taxa de investimento no menor patamar em mais de meio s\u00e9culo, \u201cmostrando\u00a0a debilidade da economia nos gastos com m\u00e1quinas e equipamentos, constru\u00e7\u00e3o civil e inova\u00e7\u00e3o\u201d. Com isso e o crescimento do desemprego, tamb\u00e9m aumenta a pobreza. \u201cDe acordo com o IBGE, os que vivem abaixo da linha de pobreza extrema (cujos ganhos n\u00e3o passam de R$ 7 di\u00e1rios) saltaram de 13,5 milh\u00f5es, em 2016, para 15,2 milh\u00f5es, em 2017. Quando consideradas as fam\u00edlias que vivem com menos de R$ 406 por m\u00eas, o total subiu de 53,7 milh\u00f5es, em 2016, para 55,4 milh\u00f5es em 2017.\u201d<\/p>\n<p>O Dieese demonstra que o pa\u00eds segue caminho oposto ao de outros per\u00edodos de turbul\u00eancia. \u201cEm 2008, quando explodiu a crise mundial, em pleno epicentro do sistema capitalista, o Brasil soube enfrentar o tsunami com pol\u00edticas antic\u00edclicas de crescimento, manuten\u00e7\u00e3o das pol\u00edticas sociais, expans\u00e3o do mercado consumidor interno (via sal\u00e1rio m\u00ednimo e gera\u00e7\u00e3o de empregos) e aumento dos investimentos p\u00fablicos (Minha Casa, Minha Vida, por exemplo)\u201d, lembra. \u201cAgora, com a possibilidade de nova turbul\u00eancia global, o governo desmantela as estruturas econ\u00f4micas e sociais que poderiam mitigar os efeitos da crise e ainda acena com \u2018reformas mais severas\u2019.\u201d<\/p>\n<p>Leia\u00a0<a href=\"https:\/\/www.dieese.org.br\/boletimdeconjuntura\/2019\/boletimConjuntura019.pdf\" target=\"_blank\" rel=\"noopener noreferrer\">aqui<\/a>\u00a0a \u00edntegra da nota.<\/p>\n<p><strong>Fonte: Rede Brasil Atual<\/strong><\/p>\n","protected":false},"excerpt":{"rendered":"<p>\u201cDiminuir o mercado interno, empobrecer a popula\u00e7\u00e3o, piorar a vida dos trabalhadores e reduzir direitos sociais e trabalhistas n\u00e3o \u00e9 maneira de enfrentar os problemas e estimular o crescimento econ\u00f4mico\u201d, afirma o Dieese em seu\u00a0Boletim de Conjuntura, que na edi\u00e7\u00e3o mais recente traz o t\u00edtulo\u00a0A perversa marcha da insensatez. O instituto n\u00e3o v\u00ea perspectiva de [&hellip;]<\/p>\n","protected":false},"author":2,"featured_media":7649,"comment_status":"","ping_status":"","sticky":false,"template":"","format":"standard","meta":{"footnotes":""},"categories":[3],"tags":[],"class_list":["post-7650","post","type-post","status-publish","format-standard","has-post-thumbnail","hentry","category-noticias"],"_links":{"self":[{"href":"https:\/\/hostnetart.com.br\/baixada\/wp-json\/wp\/v2\/posts\/7650","targetHints":{"allow":["GET"]}}],"collection":[{"href":"https:\/\/hostnetart.com.br\/baixada\/wp-json\/wp\/v2\/posts"}],"about":[{"href":"https:\/\/hostnetart.com.br\/baixada\/wp-json\/wp\/v2\/types\/post"}],"author":[{"embeddable":true,"href":"https:\/\/hostnetart.com.br\/baixada\/wp-json\/wp\/v2\/users\/2"}],"replies":[{"embeddable":true,"href":"https:\/\/hostnetart.com.br\/baixada\/wp-json\/wp\/v2\/comments?post=7650"}],"version-history":[{"count":0,"href":"https:\/\/hostnetart.com.br\/baixada\/wp-json\/wp\/v2\/posts\/7650\/revisions"}],"wp:featuredmedia":[{"embeddable":true,"href":"https:\/\/hostnetart.com.br\/baixada\/wp-json\/wp\/v2\/media\/7649"}],"wp:attachment":[{"href":"https:\/\/hostnetart.com.br\/baixada\/wp-json\/wp\/v2\/media?parent=7650"}],"wp:term":[{"taxonomy":"category","embeddable":true,"href":"https:\/\/hostnetart.com.br\/baixada\/wp-json\/wp\/v2\/categories?post=7650"},{"taxonomy":"post_tag","embeddable":true,"href":"https:\/\/hostnetart.com.br\/baixada\/wp-json\/wp\/v2\/tags?post=7650"}],"curies":[{"name":"wp","href":"https:\/\/api.w.org\/{rel}","templated":true}]}}