{"id":7648,"date":"2019-10-02T13:50:18","date_gmt":"2019-10-02T16:50:18","guid":{"rendered":"https:\/\/hostnetart.com.br\/baixada\/todos-juntos-em-defesa-da-cassi\/"},"modified":"2019-10-02T13:50:18","modified_gmt":"2019-10-02T16:50:18","slug":"todos-juntos-em-defesa-da-cassi","status":"publish","type":"post","link":"https:\/\/hostnetart.com.br\/baixada\/todos-juntos-em-defesa-da-cassi\/","title":{"rendered":"Todos juntos em defesa da Cassi!"},"content":{"rendered":"<p>Sindicatos e federa\u00e7\u00f5es de banc\u00e1rios de todo pa\u00eds foram orientados a realizar reuni\u00f5es, plen\u00e1rias e panfletagens em protestos nos dias 3 ou 4 de outubro contra os ataques \u00e0 Caixa de Assist\u00eancia dos Funcion\u00e1rios do Banco do Brasil.<\/p>\n<p>\u201cA pol\u00edtica em pr\u00e1tica para a Cassi \u00e9 a mesma que vem sendo implantada para as empresas estatais e bancos p\u00fablicos. O objetivo final \u00e9 a privatiza\u00e7\u00e3o. Por isso, assim como tem que acontecer com o Banco do Brasil e demais empresas p\u00fabicas, o momento pede mobiliza\u00e7\u00e3o intensa em defesa da Cassi\u201d, afirmou o coordenador da Comiss\u00e3o de Empresa dos Funcion\u00e1rios do Banco do Brasil (CEBB), Jo\u00e3o Fukunaga.<\/p>\n<p><a href=\"https:\/\/www.cut.org.br\/noticias\/petrobras-completa-66-anos-no-dia-3-e-trabalhadores-vao-as-ruas-defender-estatal-ba17\" target=\"_blank\" rel=\"noopener noreferrer\">No dia 3<\/a>, a Petrobras completa 66 anos. Trabalhadores e trabalhadoras ir\u00e3o \u00e0s ruas em defesa da Petrobras, demais empresas p\u00fablicas brasileiras e da soberania nacional. Idealizada pela Federa\u00e7\u00e3o \u00danica dos Petroleiros (FUP), a mobiliza\u00e7\u00e3o em defesa da soberania, inicialmente seria s\u00f3 em Curitiba, onde o ex-presidente Lula \u00e9 mantido preso na sede da Superintend\u00eancia da Pol\u00edcia Federal. A proposta inicial foi ampliada depois que trabalhadores de outras estatais e representantes de movimentos sociais que formam as frentes Brasil Popular e Povo Sem Medo e partidos pol\u00edticos que comp\u00f5em o Comit\u00ea pela Soberania\u00a0<a href=\"https:\/\/contrafcut.com.br\/noticias\/seminario-tira-calendario-de-mobilizacao-em-defesa-da-soberania-e-contra-as-privatizacoes\/\" target=\"_blank\" rel=\"noopener noreferrer\">decidiram realizar atos em v\u00e1rias cidades do Brasil<\/a>, principalmente no Rio de Janeiro, onde est\u00e1 a sede da Petrobr\u00e1s. Al\u00e9m do Rio e Curitiba, tamb\u00e9m ser\u00e3o realizados atos em S\u00e3o Paulo, Salvador e Belo Horizonte.<\/p>\n<h3><strong>Materiais de apoio<\/strong><\/h3>\n<p>A Confedera\u00e7\u00e3o Nacional dos Trabalhadores do Ramo Financeiro (Contraf-CUT) disponibilizou na \u00e1rea restrita de seu site e enviou aos sindicatos e federa\u00e7\u00f5es o arquivo da edi\u00e7\u00e3o especial do boletim O Espelho, sobre a Cassi. Tamb\u00e9m est\u00e1 dispon\u00edvel o arquivo da Cartilha em Defesa dos Bancos P\u00fablicos. Ambos os materiais podem ser utilizados para as panfletagens nas atividades.<\/p>\n<p><strong>Fonte:<\/strong>\u00a0<strong>Contraf-CUT<\/strong><\/p>\n","protected":false},"excerpt":{"rendered":"<p>Sindicatos e federa\u00e7\u00f5es de banc\u00e1rios de todo pa\u00eds foram orientados a realizar reuni\u00f5es, plen\u00e1rias e panfletagens em protestos nos dias 3 ou 4 de outubro contra os ataques \u00e0 Caixa de Assist\u00eancia dos Funcion\u00e1rios do Banco do Brasil. \u201cA pol\u00edtica em pr\u00e1tica para a Cassi \u00e9 a mesma que vem sendo implantada para as empresas [&hellip;]<\/p>\n","protected":false},"author":2,"featured_media":7647,"comment_status":"","ping_status":"","sticky":false,"template":"","format":"standard","meta":{"footnotes":""},"categories":[3],"tags":[],"class_list":["post-7648","post","type-post","status-publish","format-standard","has-post-thumbnail","hentry","category-noticias"],"_links":{"self":[{"href":"https:\/\/hostnetart.com.br\/baixada\/wp-json\/wp\/v2\/posts\/7648","targetHints":{"allow":["GET"]}}],"collection":[{"href":"https:\/\/hostnetart.com.br\/baixada\/wp-json\/wp\/v2\/posts"}],"about":[{"href":"https:\/\/hostnetart.com.br\/baixada\/wp-json\/wp\/v2\/types\/post"}],"author":[{"embeddable":true,"href":"https:\/\/hostnetart.com.br\/baixada\/wp-json\/wp\/v2\/users\/2"}],"replies":[{"embeddable":true,"href":"https:\/\/hostnetart.com.br\/baixada\/wp-json\/wp\/v2\/comments?post=7648"}],"version-history":[{"count":0,"href":"https:\/\/hostnetart.com.br\/baixada\/wp-json\/wp\/v2\/posts\/7648\/revisions"}],"wp:featuredmedia":[{"embeddable":true,"href":"https:\/\/hostnetart.com.br\/baixada\/wp-json\/wp\/v2\/media\/7647"}],"wp:attachment":[{"href":"https:\/\/hostnetart.com.br\/baixada\/wp-json\/wp\/v2\/media?parent=7648"}],"wp:term":[{"taxonomy":"category","embeddable":true,"href":"https:\/\/hostnetart.com.br\/baixada\/wp-json\/wp\/v2\/categories?post=7648"},{"taxonomy":"post_tag","embeddable":true,"href":"https:\/\/hostnetart.com.br\/baixada\/wp-json\/wp\/v2\/tags?post=7648"}],"curies":[{"name":"wp","href":"https:\/\/api.w.org\/{rel}","templated":true}]}}