{"id":7646,"date":"2019-10-02T13:42:49","date_gmt":"2019-10-02T16:42:49","guid":{"rendered":"https:\/\/hostnetart.com.br\/baixada\/contraf-cut-disponibiliza-infopress-racial\/"},"modified":"2019-10-02T13:42:49","modified_gmt":"2019-10-02T16:42:49","slug":"contraf-cut-disponibiliza-infopress-racial","status":"publish","type":"post","link":"https:\/\/hostnetart.com.br\/baixada\/contraf-cut-disponibiliza-infopress-racial\/","title":{"rendered":"Contraf-CUT disponibiliza InfoPress Racial"},"content":{"rendered":"<p>A Confedera\u00e7\u00e3o Nacional dos Trabalhadores do Ramo Financeiro (Contraf-CUT) disponibilizou em seu site a edi\u00e7\u00e3o<a href=\"https:\/\/contrafcut.com.br\/publicacoes\/infopress-racial\/\">\u00a0Racial<\/a>\u00a0do InfoPress da\u00a0<a href=\"https:\/\/contrafcut.com.br\/noticias\/campanha-de-valorizacao-da-diversidade-e-o-resultado-de-anos-de-luta-da-categoria\/\" target=\"_blank\" rel=\"noopener noreferrer\">Campanha de Valoriza\u00e7\u00e3o da Diversidade<\/a>.<\/p>\n<p>O material apresenta a realidade da popula\u00e7\u00e3o negra no trabalho e na sociedade, al\u00e9m de seu protagonismo na luta em defesa dos direitos sociais e trabalhistas.<\/p>\n<p>A Campanha de Valoriza\u00e7\u00e3o da Diversidade visa promover pol\u00edticas inclusivas e oportunidades igualit\u00e1rias no setor banc\u00e1rio. Neste ano, a novidade \u00e9 a cria\u00e7\u00e3o do Agente da Diversidade, que ser\u00e1 respons\u00e1vel por levantar debates em defesa dos direitos e em apoio \u00e0 diversidade nos locais de trabalho, orientar e denunciar situa\u00e7\u00f5es de discrimina\u00e7\u00e3o e preconceito.<\/p>\n<p>O InfoPress est\u00e1 dispon\u00edvel para visualiza\u00e7\u00e3o na \u00e1rea\u00a0<a href=\"https:\/\/contrafcut.com.br\/publicacoes\/\">Publica\u00e7\u00f5es<\/a>\u00a0do site e para download na \u00e1rea restrita.<\/p>\n<p><strong>Fonte: Contraf-CUT<\/strong><\/p>\n","protected":false},"excerpt":{"rendered":"<p>A Confedera\u00e7\u00e3o Nacional dos Trabalhadores do Ramo Financeiro (Contraf-CUT) disponibilizou em seu site a edi\u00e7\u00e3o\u00a0Racial\u00a0do InfoPress da\u00a0Campanha de Valoriza\u00e7\u00e3o da Diversidade. O material apresenta a realidade da popula\u00e7\u00e3o negra no trabalho e na sociedade, al\u00e9m de seu protagonismo na luta em defesa dos direitos sociais e trabalhistas. A Campanha de Valoriza\u00e7\u00e3o da Diversidade visa promover [&hellip;]<\/p>\n","protected":false},"author":2,"featured_media":7645,"comment_status":"","ping_status":"","sticky":false,"template":"","format":"standard","meta":{"footnotes":""},"categories":[3],"tags":[],"class_list":["post-7646","post","type-post","status-publish","format-standard","has-post-thumbnail","hentry","category-noticias"],"_links":{"self":[{"href":"https:\/\/hostnetart.com.br\/baixada\/wp-json\/wp\/v2\/posts\/7646","targetHints":{"allow":["GET"]}}],"collection":[{"href":"https:\/\/hostnetart.com.br\/baixada\/wp-json\/wp\/v2\/posts"}],"about":[{"href":"https:\/\/hostnetart.com.br\/baixada\/wp-json\/wp\/v2\/types\/post"}],"author":[{"embeddable":true,"href":"https:\/\/hostnetart.com.br\/baixada\/wp-json\/wp\/v2\/users\/2"}],"replies":[{"embeddable":true,"href":"https:\/\/hostnetart.com.br\/baixada\/wp-json\/wp\/v2\/comments?post=7646"}],"version-history":[{"count":0,"href":"https:\/\/hostnetart.com.br\/baixada\/wp-json\/wp\/v2\/posts\/7646\/revisions"}],"wp:featuredmedia":[{"embeddable":true,"href":"https:\/\/hostnetart.com.br\/baixada\/wp-json\/wp\/v2\/media\/7645"}],"wp:attachment":[{"href":"https:\/\/hostnetart.com.br\/baixada\/wp-json\/wp\/v2\/media?parent=7646"}],"wp:term":[{"taxonomy":"category","embeddable":true,"href":"https:\/\/hostnetart.com.br\/baixada\/wp-json\/wp\/v2\/categories?post=7646"},{"taxonomy":"post_tag","embeddable":true,"href":"https:\/\/hostnetart.com.br\/baixada\/wp-json\/wp\/v2\/tags?post=7646"}],"curies":[{"name":"wp","href":"https:\/\/api.w.org\/{rel}","templated":true}]}}