{"id":7644,"date":"2019-10-01T18:54:40","date_gmt":"2019-10-01T21:54:40","guid":{"rendered":"https:\/\/hostnetart.com.br\/baixada\/contraf-cut-solicita-prorrogacao-do-prazo-do-censo-da-diversidade\/"},"modified":"2019-10-01T18:54:40","modified_gmt":"2019-10-01T21:54:40","slug":"contraf-cut-solicita-prorrogacao-do-prazo-do-censo-da-diversidade","status":"publish","type":"post","link":"https:\/\/hostnetart.com.br\/baixada\/contraf-cut-solicita-prorrogacao-do-prazo-do-censo-da-diversidade\/","title":{"rendered":"Contraf-CUT solicita prorroga\u00e7\u00e3o do prazo do Censo da Diversidade"},"content":{"rendered":"<p>A Confedera\u00e7\u00e3o Nacional dos Trabalhadores do Ramo Financeiro (Contraf-CUT) solicitou nesta segunda-feira (30) a prorroga\u00e7\u00e3o do prazo de resposta ao 3\u00ba Censo da Diversidade Banc\u00e1ria para, pelo menos, at\u00e9 o final de novembro. A solicita\u00e7\u00e3o se deu devido \u00e0 ades\u00e3o tardia da Caixa Econ\u00f4mica Federal ao Censo. O acesso dos empegados da Caixa ao question\u00e1rio somente foi liberado na semana passada, ap\u00f3s cobran\u00e7a do Comando Nacional dos Banc\u00e1rios.<\/p>\n<p>\u201c\u00c9 importante que o maior n\u00famero poss\u00edvel de banc\u00e1rios e banc\u00e1rias responda \u00e0s perguntas do Censo. Quanto maior o n\u00famero de respostas, maior a precis\u00e3o dos dados sobre a realidade da diversidade nos bancos\u201d, afirmou a presidenta Contraf-CUT e coordenadora do Comando Nacional dos Banc\u00e1rios, Juvandia Moreira. \u201cPor isso, \u00e9 fundamental garantir que o pessoal da Caixa tenha tempo suficiente para responder\u201d, completou Juvandia, lamentando que a Caixa tenha impedido que seus empregados tenham respondido o censo desde o momento em que o question\u00e1rio foi colocado \u00e0 disposi\u00e7\u00e3o para resposta no site da Federa\u00e7\u00e3o Nacional dos Bancos (Fenaban).<\/p>\n<h3>O Censo<\/h3>\n<p>O levantamento \u00e9 uma das conquistas da categoria na Mesa de Negocia\u00e7\u00e3o com a Federa\u00e7\u00e3o Nacional dos Bancos (Fenaban).<\/p>\n<p>Foi criado com o objetivo de tra\u00e7ar o perfil da categoria banc\u00e1ria por g\u00eanero, orienta\u00e7\u00e3o sexual, ra\u00e7a e pessoas com defici\u00eancia (PCDs), visando a promo\u00e7\u00e3o de pol\u00edticas de inclus\u00e3o e igualdade de oportunidades nos bancos.<\/p>\n<p>Esta \u00e9 a terceira edi\u00e7\u00e3o do Censo. As duas anteriores foram realizadas em 2008 e 2014 e foram fundamentais para levantar o perfil do trabalhador banc\u00e1rio. Neste ano, al\u00e9m deste diagn\u00f3stico, a Contraf-CUT, federa\u00e7\u00f5es e sindicatos que comp\u00f5em o Comando Nacional dos Banc\u00e1rios, juntamente com a Fenaban, criaram uma campanha para aumentar entre os banc\u00e1rios a consci\u00eancia da necessidade de amplia\u00e7\u00e3o da igualdade na categoria e elimina\u00e7\u00e3o dos preconceitos, levando os banc\u00e1rios a se tornarem agentes da diversidade, n\u00e3o apenas nos locais de trabalho, mas tamb\u00e9m em suas casas e demais ambientes sociais nos quais convivem.<\/p>\n<p><strong>Fonte:<\/strong>\u00a0<strong>Contraf-CUT<\/strong><\/p>\n","protected":false},"excerpt":{"rendered":"<p>A Confedera\u00e7\u00e3o Nacional dos Trabalhadores do Ramo Financeiro (Contraf-CUT) solicitou nesta segunda-feira (30) a prorroga\u00e7\u00e3o do prazo de resposta ao 3\u00ba Censo da Diversidade Banc\u00e1ria para, pelo menos, at\u00e9 o final de novembro. A solicita\u00e7\u00e3o se deu devido \u00e0 ades\u00e3o tardia da Caixa Econ\u00f4mica Federal ao Censo. O acesso dos empegados da Caixa ao question\u00e1rio [&hellip;]<\/p>\n","protected":false},"author":2,"featured_media":7643,"comment_status":"","ping_status":"","sticky":false,"template":"","format":"standard","meta":{"footnotes":""},"categories":[3],"tags":[],"class_list":["post-7644","post","type-post","status-publish","format-standard","has-post-thumbnail","hentry","category-noticias"],"_links":{"self":[{"href":"https:\/\/hostnetart.com.br\/baixada\/wp-json\/wp\/v2\/posts\/7644","targetHints":{"allow":["GET"]}}],"collection":[{"href":"https:\/\/hostnetart.com.br\/baixada\/wp-json\/wp\/v2\/posts"}],"about":[{"href":"https:\/\/hostnetart.com.br\/baixada\/wp-json\/wp\/v2\/types\/post"}],"author":[{"embeddable":true,"href":"https:\/\/hostnetart.com.br\/baixada\/wp-json\/wp\/v2\/users\/2"}],"replies":[{"embeddable":true,"href":"https:\/\/hostnetart.com.br\/baixada\/wp-json\/wp\/v2\/comments?post=7644"}],"version-history":[{"count":0,"href":"https:\/\/hostnetart.com.br\/baixada\/wp-json\/wp\/v2\/posts\/7644\/revisions"}],"wp:featuredmedia":[{"embeddable":true,"href":"https:\/\/hostnetart.com.br\/baixada\/wp-json\/wp\/v2\/media\/7643"}],"wp:attachment":[{"href":"https:\/\/hostnetart.com.br\/baixada\/wp-json\/wp\/v2\/media?parent=7644"}],"wp:term":[{"taxonomy":"category","embeddable":true,"href":"https:\/\/hostnetart.com.br\/baixada\/wp-json\/wp\/v2\/categories?post=7644"},{"taxonomy":"post_tag","embeddable":true,"href":"https:\/\/hostnetart.com.br\/baixada\/wp-json\/wp\/v2\/tags?post=7644"}],"curies":[{"name":"wp","href":"https:\/\/api.w.org\/{rel}","templated":true}]}}