{"id":7642,"date":"2019-10-01T17:46:22","date_gmt":"2019-10-01T20:46:22","guid":{"rendered":"https:\/\/hostnetart.com.br\/baixada\/assinado-acordo-que-garante-melhorias-na-plr-do-bmb\/"},"modified":"2019-10-01T17:46:22","modified_gmt":"2019-10-01T20:46:22","slug":"assinado-acordo-que-garante-melhorias-na-plr-do-bmb","status":"publish","type":"post","link":"https:\/\/hostnetart.com.br\/baixada\/assinado-acordo-que-garante-melhorias-na-plr-do-bmb\/","title":{"rendered":"Assinado acordo que garante melhorias na PLR do BMB"},"content":{"rendered":"<p>A Confedera\u00e7\u00e3o Nacional dos Trabalhadores do Ramo Financeiro (Contraf-CUT), a Federa\u00e7\u00e3o dos Trabalhadores do Ramo Financeiro de Minas (Fetrafi-CUT\/MG) e o Sindicato dos Empregados em Estabelecimentos Banc\u00e1rios de Belo Horizonte e Regi\u00e3o assinaram na tarde desta ter\u00e7a-feira (1\u00ba\/10) o acordo que garante melhorias na Participa\u00e7\u00e3o nos Lucros e\/ou Resultados aos banc\u00e1rios do Banco Mercantil do Brasil (BMB).<\/p>\n<p>Ap\u00f3s press\u00e3o do movimento sindical, o banco aceitou incluir no acordo do programa pr\u00f3prio uma cl\u00e1usula que garante o pagamento proporcional aos funcion\u00e1rios do banco que atingirem 80% da meta estipulada. Pela regra anterior, apenas quem cumprisse integralmente a meta teria direito de receber a PLR. Com a nova regra do programa pr\u00f3prio, a maioria dos trabalhadores do banco receber\u00e3o valores majorados gra\u00e7as \u00e0 atua\u00e7\u00e3o eficaz e precisa do movimento sindical.<\/p>\n<p>\u201c\u00c9 preciso destacar a import\u00e2ncia da atua\u00e7\u00e3o dos sindicatos da categoria. H\u00e1 25 anos, banc\u00e1rios e banc\u00e1rias conquistaram o direito de receber uma fatia do lucro dos bancos gra\u00e7as \u00e0 for\u00e7a dos sindicatos. E, desde ent\u00e3o, ano ap\u00f3s ano, viemos conquistando melhorias, como essa do Mercantil do Brasil\u201d, destacou a presidenta da Contraf-CUT, Juvandia Moreira.<\/p>\n<p>O gatilho de cumprimento de 80% das metas tamb\u00e9m incluiu a redu\u00e7\u00e3o de despesas e BSC, o que acabou ocorrendo no primeiro semestre de 2019.<\/p>\n<p>A press\u00e3o do movimento sindical tamb\u00e9m garantiu a cl\u00e1usula que prev\u00ea que banc\u00e1rios recebem o maior valor entre os resultados apurados pelas regras do Programa Pr\u00f3prio e o valor da Conven\u00e7\u00e3o Coletiva de Trabalho (CCT) dos banc\u00e1rios.<\/p>\n<p>\u201cAinda existe espa\u00e7o para melhorias. Os sindicatos v\u00e3o continuar lutando por isso. Precisamos que os banc\u00e1rios estejam juntos nesta luta. Juntos somos fortes\u201d, concluiu a presidenta da Fetrafi-CUT\/MG, Magaly Fagundes.<\/p>\n<p><strong>Fonte:<\/strong>\u00a0<strong>Contraf-CUT<\/strong><\/p>\n","protected":false},"excerpt":{"rendered":"<p>A Confedera\u00e7\u00e3o Nacional dos Trabalhadores do Ramo Financeiro (Contraf-CUT), a Federa\u00e7\u00e3o dos Trabalhadores do Ramo Financeiro de Minas (Fetrafi-CUT\/MG) e o Sindicato dos Empregados em Estabelecimentos Banc\u00e1rios de Belo Horizonte e Regi\u00e3o assinaram na tarde desta ter\u00e7a-feira (1\u00ba\/10) o acordo que garante melhorias na Participa\u00e7\u00e3o nos Lucros e\/ou Resultados aos banc\u00e1rios do Banco Mercantil do [&hellip;]<\/p>\n","protected":false},"author":2,"featured_media":7641,"comment_status":"","ping_status":"","sticky":false,"template":"","format":"standard","meta":{"footnotes":""},"categories":[3],"tags":[],"class_list":["post-7642","post","type-post","status-publish","format-standard","has-post-thumbnail","hentry","category-noticias"],"_links":{"self":[{"href":"https:\/\/hostnetart.com.br\/baixada\/wp-json\/wp\/v2\/posts\/7642","targetHints":{"allow":["GET"]}}],"collection":[{"href":"https:\/\/hostnetart.com.br\/baixada\/wp-json\/wp\/v2\/posts"}],"about":[{"href":"https:\/\/hostnetart.com.br\/baixada\/wp-json\/wp\/v2\/types\/post"}],"author":[{"embeddable":true,"href":"https:\/\/hostnetart.com.br\/baixada\/wp-json\/wp\/v2\/users\/2"}],"replies":[{"embeddable":true,"href":"https:\/\/hostnetart.com.br\/baixada\/wp-json\/wp\/v2\/comments?post=7642"}],"version-history":[{"count":0,"href":"https:\/\/hostnetart.com.br\/baixada\/wp-json\/wp\/v2\/posts\/7642\/revisions"}],"wp:featuredmedia":[{"embeddable":true,"href":"https:\/\/hostnetart.com.br\/baixada\/wp-json\/wp\/v2\/media\/7641"}],"wp:attachment":[{"href":"https:\/\/hostnetart.com.br\/baixada\/wp-json\/wp\/v2\/media?parent=7642"}],"wp:term":[{"taxonomy":"category","embeddable":true,"href":"https:\/\/hostnetart.com.br\/baixada\/wp-json\/wp\/v2\/categories?post=7642"},{"taxonomy":"post_tag","embeddable":true,"href":"https:\/\/hostnetart.com.br\/baixada\/wp-json\/wp\/v2\/tags?post=7642"}],"curies":[{"name":"wp","href":"https:\/\/api.w.org\/{rel}","templated":true}]}}