{"id":7640,"date":"2019-10-01T17:44:33","date_gmt":"2019-10-01T20:44:33","guid":{"rendered":"https:\/\/hostnetart.com.br\/baixada\/ccj-do-senado-aprova-reforma-da-previdencia-que-seguira-para-o-plenario\/"},"modified":"2019-10-01T17:44:33","modified_gmt":"2019-10-01T20:44:33","slug":"ccj-do-senado-aprova-reforma-da-previdencia-que-seguira-para-o-plenario","status":"publish","type":"post","link":"https:\/\/hostnetart.com.br\/baixada\/ccj-do-senado-aprova-reforma-da-previdencia-que-seguira-para-o-plenario\/","title":{"rendered":"CCJ do Senado aprova \u2018reforma\u2019 da Previd\u00eancia, que seguir\u00e1 para o plen\u00e1rio"},"content":{"rendered":"<p>Com 17 votos a favor e 9 contr\u00e1rios, a Comiss\u00e3o de Constitui\u00e7\u00e3o e Justi\u00e7a (CCJ) do Senado aprovou\u00a0 no in\u00edcio da tarde desta ter\u00e7a-feira (1\u00ba) o parecer do relator, Tasso Jereissati (PSDB-CE), sobre a Proposta de Emenda \u00e0 Constitui\u00e7\u00e3o (PEC) 6\/2019, de\u00a0<a href=\"https:\/\/www.redebrasilatual.com.br\/tag\/reforma-da-previdencia\/\" target=\"_blank\" rel=\"noopener noreferrer\">\u201creforma\u201d da Previd\u00eancia<\/a>. N\u00e3o houve absten\u00e7\u00f5es. Depois da vota\u00e7\u00e3o das emendas, o texto seguir\u00e1 para o plen\u00e1rio, o que deve ocorrer ainda hoje.<\/p>\n<p>Em declara\u00e7\u00f5es antes da sess\u00e3o, Tasso enfatizou o esfor\u00e7o para garantir a aprova\u00e7\u00e3o do texto de forma a evitar retorno da PEC para a C\u00e2mara. A proposta precisa passar em dois turnos no plen\u00e1rio \u2013 s\u00e3o necess\u00e1rios dois ter\u00e7os dos votos, 49 dos 81 senadores.<\/p>\n<p>Para agilizar a tramita\u00e7\u00e3o, uma PEC \u201cparalela\u201d (133\/2019) traz altera\u00e7\u00f5es, como inclus\u00e3o de servidores de estados e munic\u00edpios, item que foi objeto de diverg\u00eancia na C\u00e2mara. Essa PEC tamb\u00e9m ser\u00e1 relatada por Tasso.<\/p>\n<p>Paulo Paim\u00a0(PT-RS) chegou a apresentar um voto em separado, com mudan\u00e7as mais profundas, que poderiam obrigar o retorno da PEC \u00e0 C\u00e2mara. Mas esse \u201crelat\u00f3rio alternativo\u201d nem chegou a ser avaliado.<\/p>\n<p>\u00a0<\/p>\n<p><strong>Fonte: Rede Brasil Atual<\/strong><\/p>\n","protected":false},"excerpt":{"rendered":"<p>Com 17 votos a favor e 9 contr\u00e1rios, a Comiss\u00e3o de Constitui\u00e7\u00e3o e Justi\u00e7a (CCJ) do Senado aprovou\u00a0 no in\u00edcio da tarde desta ter\u00e7a-feira (1\u00ba) o parecer do relator, Tasso Jereissati (PSDB-CE), sobre a Proposta de Emenda \u00e0 Constitui\u00e7\u00e3o (PEC) 6\/2019, de\u00a0\u201creforma\u201d da Previd\u00eancia. N\u00e3o houve absten\u00e7\u00f5es. Depois da vota\u00e7\u00e3o das emendas, o texto seguir\u00e1 [&hellip;]<\/p>\n","protected":false},"author":2,"featured_media":7639,"comment_status":"","ping_status":"","sticky":false,"template":"","format":"standard","meta":{"footnotes":""},"categories":[3],"tags":[],"class_list":["post-7640","post","type-post","status-publish","format-standard","has-post-thumbnail","hentry","category-noticias"],"_links":{"self":[{"href":"https:\/\/hostnetart.com.br\/baixada\/wp-json\/wp\/v2\/posts\/7640","targetHints":{"allow":["GET"]}}],"collection":[{"href":"https:\/\/hostnetart.com.br\/baixada\/wp-json\/wp\/v2\/posts"}],"about":[{"href":"https:\/\/hostnetart.com.br\/baixada\/wp-json\/wp\/v2\/types\/post"}],"author":[{"embeddable":true,"href":"https:\/\/hostnetart.com.br\/baixada\/wp-json\/wp\/v2\/users\/2"}],"replies":[{"embeddable":true,"href":"https:\/\/hostnetart.com.br\/baixada\/wp-json\/wp\/v2\/comments?post=7640"}],"version-history":[{"count":0,"href":"https:\/\/hostnetart.com.br\/baixada\/wp-json\/wp\/v2\/posts\/7640\/revisions"}],"wp:featuredmedia":[{"embeddable":true,"href":"https:\/\/hostnetart.com.br\/baixada\/wp-json\/wp\/v2\/media\/7639"}],"wp:attachment":[{"href":"https:\/\/hostnetart.com.br\/baixada\/wp-json\/wp\/v2\/media?parent=7640"}],"wp:term":[{"taxonomy":"category","embeddable":true,"href":"https:\/\/hostnetart.com.br\/baixada\/wp-json\/wp\/v2\/categories?post=7640"},{"taxonomy":"post_tag","embeddable":true,"href":"https:\/\/hostnetart.com.br\/baixada\/wp-json\/wp\/v2\/tags?post=7640"}],"curies":[{"name":"wp","href":"https:\/\/api.w.org\/{rel}","templated":true}]}}