{"id":7636,"date":"2019-10-01T13:53:27","date_gmt":"2019-10-01T16:53:27","guid":{"rendered":"https:\/\/hostnetart.com.br\/baixada\/senado-pode-votar-reforma-da-previdencia-nesta-terca-dia-internacional-do-idoso\/"},"modified":"2019-10-01T13:53:27","modified_gmt":"2019-10-01T16:53:27","slug":"senado-pode-votar-reforma-da-previdencia-nesta-terca-dia-internacional-do-idoso","status":"publish","type":"post","link":"https:\/\/hostnetart.com.br\/baixada\/senado-pode-votar-reforma-da-previdencia-nesta-terca-dia-internacional-do-idoso\/","title":{"rendered":"Senado pode votar reforma da Previd\u00eancia nesta ter\u00e7a, Dia Internacional do Idoso"},"content":{"rendered":"<p>O que deveria ser celebra\u00e7\u00e3o corre o risco de se tornar uma data simb\u00f3lica do ataque a direitos dos aposentados. Nesta ter\u00e7a-feira (1\u00ba), Dia Internacional do Idoso, devem ser votadas no Senado as propostas de emenda \u00e0 Constitui\u00e7\u00e3o (PEC 6\/2019 e PEC 133\/2019), que tratam da reforma da Previd\u00eancia, projeto que reconhecidamente ataca o direito \u00e0 aposentadoria dos trabalhadores.<\/p>\n<p>Esse fato foi lamentado hoje (30) pelo senador Paulo Paim (PT-RS), durante audi\u00eancia p\u00fablica na Comiss\u00e3o de Direitos Humanos (CDH) do Senado. \u201cExatamente amanh\u00e3 est\u00e1 prevista na CCJ (<em>Comiss\u00e3o de Constitui\u00e7\u00e3o e Justi\u00e7a<\/em>), e provavelmente aqui no plen\u00e1rio, a vota\u00e7\u00e3o da\u00a0<a href=\"https:\/\/www.redebrasilatual.com.br\/politica\/2019\/09\/maldades-reforma-previdencia-bolsonaro\/\" target=\"_blank\" rel=\"noopener noreferrer\">reforma da Previd\u00eancia<\/a>. Previd\u00eancia est\u00e1 ligada diretamente ao idoso, porque quem n\u00e3o \u00e9 idoso, sonha em ser um dia e quer ter o direito a envelhecer com qualidade de vida. Consequentemente, eles est\u00e3o olhando, todos eu diria, \u00e0 medida que vamos envelhecendo, para uma<a href=\"https:\/\/www.redebrasilatual.com.br\/trabalho\/2019\/02\/reforma-da-previdencia-afastara-os-mais-jovens-do-direito-a-aposentadoria\/\" target=\"_blank\" rel=\"noopener noreferrer\">\u00a0aposentadoria adequada<\/a>, que permita a todos, na reta final da viagem que todos n\u00f3s vamos fazer um dia, faz\u00ea-la com muito equil\u00edbrio e, repito, com muita qualidade de vida. Todo mundo sonha com isso\u201d, afirmou.<\/p>\n<p>\u201cN\u00e3o \u00e9 o envelhecimento da popula\u00e7\u00e3o que vai trazer o caos \u00e0 Previd\u00eancia, mas, sim, a inefici\u00eancia do sistema, a m\u00e1 gest\u00e3o, o desvio das verbas da seguridade, apropria\u00e7\u00e3o ind\u00e9bita, sonega\u00e7\u00e3o. Ser\u00e1 que h\u00e1 motivos para os idosos celebrarem o dia de amanh\u00e3? Creio que n\u00e3o. E, muito pior, se o resultado for a aprova\u00e7\u00e3o da reforma\u201d, disse o senador.<\/p>\n<p>A proposta principal da reforma (PEC 6\/2019) aguarda a vota\u00e7\u00e3o de emendas de plen\u00e1rio na CCJ. Se houver mudan\u00e7as no Senado, o texto dever\u00e1 voltar \u00e0 C\u00e2mara dos Deputados. Para evitar o retorno da mat\u00e9ria, no entanto, um grupo de senadores apresentou uma PEC paralela (PEC 133\/2019), que re\u00fane pontos n\u00e3o inclu\u00eddos na proposta original. Cr\u00edtico da medida, Paim defende o aprofundamento da discuss\u00e3o, j\u00e1 que altera\u00e7\u00f5es na Previd\u00eancia interferem na vida de todos os brasileiros.<\/p>\n<p>Paim e a senadora Eliziane Gama (Cidadania-MA) j\u00e1 declararam que v\u00e3o tentar aprovar destaques ao texto durante a discuss\u00e3o no plen\u00e1rio. Entre os pontos que podem sofrer destaques est\u00e3o as restri\u00e7\u00f5es ao abono salarial, benef\u00edcio atualmente pago a quem ganha menos de dois sal\u00e1rios m\u00ednimos (R$ 1.996) e tem pelo menos cinco anos de cadastro no PIS ou no Pasep. O texto da reforma assegura esse direito apenas a quem tiver renda mensal igual ou menor que R$ 1.364,43.<\/p>\n<p>O corte no PIS\/Pasep atingiria em cheio os trabalhadores.\u00a0<a href=\"https:\/\/www.redebrasilatual.com.br\/economia\/2019\/02\/bolsonaro-quer-cortar-abono-de-23-4-milhoes-de-trabalhadores-com-pec-da-previdencia\/\">Conforme a RBA mostrou em fevereiro deste ano<\/a>, essa mudan\u00e7a vai significar preju\u00edzo para 23,4 milh\u00f5es de trabalhadores, que devem perder o benef\u00edcio anual. Ao promover essa mudan\u00e7a, o governo elimina o abono para 91,5% do total de pessoas que podem receb\u00ea-lo.<\/p>\n<h5>Cr\u00edticas \u00e0 PEC paralela<\/h5>\n<p>Para o advogado Diego Cherulli, que participou do debate de hoje na CDH, a PEC paralela \u00e9 inconstitucional e resultar\u00e1 em aumento das judicializa\u00e7\u00f5es. Ele classificou o projeto de \u201co maior engodo jur\u00eddico do pa\u00eds\u201d e considerou o texto um \u201catestado de incompet\u00eancia\u201d assinado pelo Senado. Para Cherulli, trata-se de uma tentativa de os parlamentares corrigirem a proposta original a qualquer custo.<\/p>\n<p>\u201cO Senado est\u00e1 falando: \u2018A PEC 6 est\u00e1 errada, mas, mesmo assim, eu vou aprovar e mandar uma proposta paralela para consertar o erro que eu estou aprovando\u2019. Isso aqui n\u00e3o \u00e9 saco de p\u00e3o para ficar escrevendo poesia, minha gente. \u00c9 a Constitui\u00e7\u00e3o Federal, e os senadores t\u00eam que acordar para isso\u201d, alertou.<\/p>\n<p>Para a coordenadora-geral da Auditoria Cidad\u00e3 da D\u00edvida P\u00fablica,\u00a0<a href=\"https:\/\/www.redebrasilatual.com.br\/economia\/2019\/09\/auditoria-divida-publica-bancos-pais\/\" target=\"_blank\" rel=\"noopener noreferrer\">Maria L\u00facia Fattorelli<\/a>, a PEC paralela traz inseguran\u00e7a jur\u00eddica flagrante, acabando com todos os direitos dos servidores p\u00fablicos. Ela disse que os trabalhadores n\u00e3o atentaram para os preju\u00edzos do texto. Ao declarar que s\u00e3o falsos os dados do Executivo para justificar a nova Previd\u00eancia, a debatedora criticou as negocia\u00e7\u00f5es para que o Congresso agilize a vota\u00e7\u00e3o da mat\u00e9ria. \u201cQual \u00e9 o pre\u00e7o desse Senado para aprovar essa reforma? Que absurdo destruir a seguridade social em troca de um dinheirinho de emendas. N\u00e3o podemos aceitar isso.\u201d<\/p>\n<p><em>*Com informa\u00e7\u00f5es da Ag\u00eancia Senado<\/em><\/p>\n<p><strong>Fonte: Rede Brasil Atual<\/strong><\/p>\n","protected":false},"excerpt":{"rendered":"<p>O que deveria ser celebra\u00e7\u00e3o corre o risco de se tornar uma data simb\u00f3lica do ataque a direitos dos aposentados. Nesta ter\u00e7a-feira (1\u00ba), Dia Internacional do Idoso, devem ser votadas no Senado as propostas de emenda \u00e0 Constitui\u00e7\u00e3o (PEC 6\/2019 e PEC 133\/2019), que tratam da reforma da Previd\u00eancia, projeto que reconhecidamente ataca o direito [&hellip;]<\/p>\n","protected":false},"author":2,"featured_media":7635,"comment_status":"","ping_status":"","sticky":false,"template":"","format":"standard","meta":{"footnotes":""},"categories":[3],"tags":[],"class_list":["post-7636","post","type-post","status-publish","format-standard","has-post-thumbnail","hentry","category-noticias"],"_links":{"self":[{"href":"https:\/\/hostnetart.com.br\/baixada\/wp-json\/wp\/v2\/posts\/7636","targetHints":{"allow":["GET"]}}],"collection":[{"href":"https:\/\/hostnetart.com.br\/baixada\/wp-json\/wp\/v2\/posts"}],"about":[{"href":"https:\/\/hostnetart.com.br\/baixada\/wp-json\/wp\/v2\/types\/post"}],"author":[{"embeddable":true,"href":"https:\/\/hostnetart.com.br\/baixada\/wp-json\/wp\/v2\/users\/2"}],"replies":[{"embeddable":true,"href":"https:\/\/hostnetart.com.br\/baixada\/wp-json\/wp\/v2\/comments?post=7636"}],"version-history":[{"count":0,"href":"https:\/\/hostnetart.com.br\/baixada\/wp-json\/wp\/v2\/posts\/7636\/revisions"}],"wp:featuredmedia":[{"embeddable":true,"href":"https:\/\/hostnetart.com.br\/baixada\/wp-json\/wp\/v2\/media\/7635"}],"wp:attachment":[{"href":"https:\/\/hostnetart.com.br\/baixada\/wp-json\/wp\/v2\/media?parent=7636"}],"wp:term":[{"taxonomy":"category","embeddable":true,"href":"https:\/\/hostnetart.com.br\/baixada\/wp-json\/wp\/v2\/categories?post=7636"},{"taxonomy":"post_tag","embeddable":true,"href":"https:\/\/hostnetart.com.br\/baixada\/wp-json\/wp\/v2\/tags?post=7636"}],"curies":[{"name":"wp","href":"https:\/\/api.w.org\/{rel}","templated":true}]}}