{"id":7634,"date":"2019-10-01T13:52:15","date_gmt":"2019-10-01T16:52:15","guid":{"rendered":"https:\/\/hostnetart.com.br\/baixada\/empregados-definem-calendario-de-luta-em-defesa-da-caixa-100-publica-e-dos-direitos\/"},"modified":"2019-10-01T13:52:15","modified_gmt":"2019-10-01T16:52:15","slug":"empregados-definem-calendario-de-luta-em-defesa-da-caixa-100-publica-e-dos-direitos","status":"publish","type":"post","link":"https:\/\/hostnetart.com.br\/baixada\/empregados-definem-calendario-de-luta-em-defesa-da-caixa-100-publica-e-dos-direitos\/","title":{"rendered":"Empregados definem calend\u00e1rio de luta em defesa da Caixa 100% p\u00fablica e dos direitos"},"content":{"rendered":"<p>Realizada na \u00faltima ter\u00e7a-feira (24), em Bras\u00edlia (DF), a reuni\u00e3o da Comiss\u00e3o Executiva dos Empregados (CEE) da Caixa analisou a atual conjuntura pol\u00edtica do pa\u00eds e definiu um calend\u00e1rio de lutas contra o desmonte da empresa p\u00fablica e contra a retirada de direitos dos trabalhadores da institui\u00e7\u00e3o.<\/p>\n<p>\u201cO atual momento pol\u00edtico em que o pa\u00eds se encontra favorece o aprofundamento de medidas que visam o desmonte da empresa e no cerne da manuten\u00e7\u00e3o de todos os nossos direitos est\u00e1 a defesa da Caixa 100% p\u00fablica. Por outro lado, os privatistas que se colocam na dire\u00e7\u00e3o das estatais brasileiras tem como etapa no processo de privatiza\u00e7\u00e3o o corte de custos, e a consequente retirada de direitos como os planos de sa\u00fade e fundos de pens\u00e3o. Por isso, a luta do movimento dos empregados deve se intensificar, com a participa\u00e7\u00e3o e engajamento no calend\u00e1rio de lutas\u201d, ressaltou o coordenador da Comiss\u00e3o Executiva dos Empregados (CEE) da Caixa, Dion\u00edsio Reis.<\/p>\n<p>Na ocasi\u00e3o foi debatido os ataques na \u00e1rea da Sa\u00fade e no \u2018Sa\u00fade Caixa\u2019, na Previd\u00eancia e na Funcef e os acelerados desmontes programados para a Caixa e para privatiza\u00e7\u00e3o dos bancos p\u00fablicos. Segue a defini\u00e7\u00e3o do calend\u00e1rio de luta.<\/p>\n<p>Calend\u00e1rio de luta<\/p>\n<ul>\n<li>4 de outubro \u2013 Dia Nacional em Defesa dos Bancos P\u00fablicos.<\/li>\n<li>15 de outubro \u2013 Ato Nacional pela Soberania Nacional em S\u00e3o Paulo.<\/li>\n<li>16 de outubro \u2013 Lan\u00e7amento da Cartilha sobre Gest\u00e3o pelo terror na Caixa, Ass\u00e9dio moral, o descomissionamento arbitr\u00e1rio, o GDP e o Revalida.<\/li>\n<li>18 e 19 de outubro \u2013 Come\u00e7a o pagamento das contas ativas e inativas para quem n\u00e3o tem conta na Caixa. Distribui\u00e7\u00e3o de material que destaca a import\u00e2ncia do FGTS e de sua gest\u00e3o ser centralizada na Caixa.<\/li>\n<li>Dia 22 de outubro \u2013 Ato em defesa da Caixa 100% P\u00fablica com \u00eanfase na defesa das loterias.<\/li>\n<\/ul>\n<p>\u00a0<\/p>\n<p><strong>Fonte: Contraf-CUT<\/strong><\/p>\n","protected":false},"excerpt":{"rendered":"<p>Realizada na \u00faltima ter\u00e7a-feira (24), em Bras\u00edlia (DF), a reuni\u00e3o da Comiss\u00e3o Executiva dos Empregados (CEE) da Caixa analisou a atual conjuntura pol\u00edtica do pa\u00eds e definiu um calend\u00e1rio de lutas contra o desmonte da empresa p\u00fablica e contra a retirada de direitos dos trabalhadores da institui\u00e7\u00e3o. \u201cO atual momento pol\u00edtico em que o pa\u00eds [&hellip;]<\/p>\n","protected":false},"author":2,"featured_media":7633,"comment_status":"","ping_status":"","sticky":false,"template":"","format":"standard","meta":{"footnotes":""},"categories":[3],"tags":[],"class_list":["post-7634","post","type-post","status-publish","format-standard","has-post-thumbnail","hentry","category-noticias"],"_links":{"self":[{"href":"https:\/\/hostnetart.com.br\/baixada\/wp-json\/wp\/v2\/posts\/7634","targetHints":{"allow":["GET"]}}],"collection":[{"href":"https:\/\/hostnetart.com.br\/baixada\/wp-json\/wp\/v2\/posts"}],"about":[{"href":"https:\/\/hostnetart.com.br\/baixada\/wp-json\/wp\/v2\/types\/post"}],"author":[{"embeddable":true,"href":"https:\/\/hostnetart.com.br\/baixada\/wp-json\/wp\/v2\/users\/2"}],"replies":[{"embeddable":true,"href":"https:\/\/hostnetart.com.br\/baixada\/wp-json\/wp\/v2\/comments?post=7634"}],"version-history":[{"count":0,"href":"https:\/\/hostnetart.com.br\/baixada\/wp-json\/wp\/v2\/posts\/7634\/revisions"}],"wp:featuredmedia":[{"embeddable":true,"href":"https:\/\/hostnetart.com.br\/baixada\/wp-json\/wp\/v2\/media\/7633"}],"wp:attachment":[{"href":"https:\/\/hostnetart.com.br\/baixada\/wp-json\/wp\/v2\/media?parent=7634"}],"wp:term":[{"taxonomy":"category","embeddable":true,"href":"https:\/\/hostnetart.com.br\/baixada\/wp-json\/wp\/v2\/categories?post=7634"},{"taxonomy":"post_tag","embeddable":true,"href":"https:\/\/hostnetart.com.br\/baixada\/wp-json\/wp\/v2\/tags?post=7634"}],"curies":[{"name":"wp","href":"https:\/\/api.w.org\/{rel}","templated":true}]}}