{"id":7630,"date":"2019-09-30T17:54:45","date_gmt":"2019-09-30T20:54:45","guid":{"rendered":"https:\/\/hostnetart.com.br\/baixada\/brasil-tem-maior-explosao-da-desigualdade-desde-1960\/"},"modified":"2019-09-30T17:54:45","modified_gmt":"2019-09-30T20:54:45","slug":"brasil-tem-maior-explosao-da-desigualdade-desde-1960","status":"publish","type":"post","link":"https:\/\/hostnetart.com.br\/baixada\/brasil-tem-maior-explosao-da-desigualdade-desde-1960\/","title":{"rendered":"Brasil tem maior explos\u00e3o da desigualdade desde 1960"},"content":{"rendered":"<p>O Brasil assiste a explos\u00e3o da desigualdade de renda, jamais identificada desde o ano de 1960, quando o IBGE passou a captar informa\u00e7\u00f5es acerca do rendimento da popula\u00e7\u00e3o nos censos demogr\u00e1ficos. O novo padr\u00e3o de concentra\u00e7\u00e3o da renda que emerge dos governos da segunda metade da d\u00e9cada de 2010 transcorre de forma in\u00e9dita, pois combina o decr\u00e9scimo econ\u00f4mico com a <a href=\"https:\/\/www.redebrasilatual.com.br\/destaques\/2019\/09\/tres-anos-golpe-empregos-previdencia\/\" target=\"_blank\" rel=\"noopener noreferrer\">desestrutura\u00e7\u00e3o do mundo do trabalho<\/a> e a eleva\u00e7\u00e3o acelerada da pobreza.<\/p>\n<p>Entre os dois golpes de Estado de 1964 e 2016 que comprometeram o regime democr\u00e1tico no pa\u00eds, encontram-se tr\u00eas distintos padr\u00f5es de eleva\u00e7\u00e3o da desigualdade da renda registrada pelo IBGE e medido pelo \u00cdndice de Gini (desigualdade variando de 0 a 1, sendo 1 a desigualdade extrema e zero aus\u00eancia de desigualdade na distribui\u00e7\u00e3o pessoal dos rendimentos). Todos os tr\u00eas padr\u00f5es possuem caracter\u00edsticas pr\u00f3prias, conforme demonstrado a seguir.<\/p>\n<p>No primeiro padr\u00e3o registrado durante a ditadura civil-militar houve r\u00e1pido crescimento econ\u00f4mico aliado \u00e0 expans\u00e3o significativa do emprego formal e \u00e0 queda acelerada na taxa de pobreza. Apesar disso, o \u00edndice de Gini cresceu em m\u00e9dia 0,8% cano ano entre 1960 e 1980, passando de 0,50 para 0,59.<\/p>\n<p>Nesse mesmo per\u00edodo de tempo, a economia nacional cresceu ao ritmo m\u00e9dio de 7,1% ao ano e o PIB <em>per capita<\/em> em 4,3%, enquanto o emprego formal subiu 8,6% ao ano e a taxa de pobreza caiu 2,2% ao ano, em m\u00e9dia. A taxa de infla\u00e7\u00e3o m\u00e9dia anual registrada entre 1960 e 1980 foi de 40,7%.<\/p>\n<p style=\"padding-left: 30px;\"><strong>\u2022 <span style=\"color: #800000;\"><a style=\"color: #800000;\" href=\"https:\/\/www.redebrasilatual.com.br\/economia\/2019\/09\/trabalho-sem-carteira-e-autonomo-cresce-bate-recorde-e-segura-taxa-de-desemprego\/\" target=\"_blank\" rel=\"noopener noreferrer\">Trabalho sem carteira cresce e bate recorde<\/a><\/span><\/strong><\/p>\n<p>No segundo padr\u00e3o de eleva\u00e7\u00e3o na desigualdade de renda, transcorrido durante a transi\u00e7\u00e3o da ditadura para a democracia, destacaram-se a dr\u00e1stica crise da d\u00edvida externa, a desorganiza\u00e7\u00e3o das finan\u00e7as p\u00fablicas e a acelera\u00e7\u00e3o inflacion\u00e1ria. Entre 1979 e 1989, por exemplo, o \u00edndice Gini aumentou 0,9% como m\u00e9dia anual, saltando de 0,58 para 0,64, respectivamente.<\/p>\n<p>Em 15 anos de superinfla\u00e7\u00e3o (1979-1994), o patamar m\u00e9dio de aumento anual no custo de vida foi de 734,4%, ou seja, 18 vezes superior ao vigente anteriormente (de 1960 a 1980). Durante esse mesmo per\u00edodo, a economia nacional registrou desacelera\u00e7\u00e3o com varia\u00e7\u00e3o m\u00e9dia de apenas 2,3% ao ano e de 0,9% ao ano no PIB <em>per capita<\/em>, que indicou praticamente uma fase de semi-estagna\u00e7\u00e3o da renda por habitante.<\/p>\n<p>Ao mesmo tempo, a taxa de pobreza aumentou 1,1% como m\u00e9dia anual e o emprego formal manteve-se relativamente estabilizado. Em compensa\u00e7\u00e3o o desemprego aberto cresceu substancialmente durante a fase de superinfla\u00e7\u00e3o.<\/p>\n<p style=\"padding-left: 30px;\">\u2022 <span style=\"color: #800000;\"><a style=\"color: #800000;\" href=\"https:\/\/www.redebrasilatual.com.br\/economia\/2019\/09\/emprego-alta-servicos-salarios-menores\/\" target=\"_blank\" rel=\"noopener noreferrer\"><strong>Baixa cria\u00e7\u00e3o de emprego formal vem marcada por renda menor<\/strong><\/a><\/span><\/p>\n<p>Por fim, o terceiro padr\u00e3o de eleva\u00e7\u00e3o na desigualdade de renda que se apresentou explosivo desde 2015, com eleva\u00e7\u00e3o m\u00e9dia anual de 6,1% no \u00edndice de Gini que pulou de 0,49, em 2014, para 0,63, em 2019. Nesse per\u00edodo em refer\u00eancia, a economia decresceu 0,8% como m\u00e9dia anual e o PIB <em>per capita<\/em> acompanhou a queda m\u00e9dia de 1,5% ao ano.<\/p>\n<p>Em sequ\u00eancia, a taxa de pobreza cresceu ao ritmo de 10,4% como m\u00e9dia anual, enquanto a taxa de desemprego aumentou 20,1% ao ano, na m\u00e9dia dos anos de 2015 a 2019. Para esse mesmo per\u00edodo de tempo, o emprego formal decaiu 1,6% como m\u00e9dia ao ano, enquanto a taxa m\u00e9dia de infla\u00e7\u00e3o foi decadente, pois passou de 6,4%, em 2014, para 3,4% esperado para o ano de 2019.<\/p>\n<p>Em s\u00edntese, o governo Bolsonaro conduz o Brasil no momento de crescimento espalhafatoso na eleva\u00e7\u00e3o da desigualdade de renda. Diferentemente dos anos da ditadura militar e da transi\u00e7\u00e3o para democracia, quando o aumento no \u00edndice de <a href=\"http:\/\/www.ipea.gov.br\/desafios\/index.php?option=com_content&amp;id=2048;catid=28&amp;Itemid=23\" target=\"_blank\" rel=\"noopener noreferrer\">Gini<\/a> variou entre 0,8% e 0,9% como media anual, o crescimento da desigualdade atual tem sido de 6,1% ao ano, em m\u00e9dia, ou seja, quase sete vezes mais r\u00e1pido que nos dois padr\u00f5es anteriores.<\/p>\n<p style=\"padding-left: 30px;\">\u2022 <a href=\"https:\/\/www.redebrasilatual.com.br\/do-golpe-ao-caos\/\"><span style=\"color: #800000;\"><strong>Do golpe ao caos: as perdas do pa\u00eds no emprego, nos direitos, na soberania<\/strong><\/span><\/a><\/p>\n<hr \/>\n<p><img fetchpriority=\"high\" decoding=\"async\" class=\"size-full wp-image-375093 alignleft\" src=\"https:\/\/www.redebrasilatual.com.br\/wp-content\/uploads\/2019\/08\/marciopochmann-2.jpg\" alt=\"\" width=\"360\" height=\"166\" \/><\/p>\n<div class=\"penci-single-link-pages\">\u00a0<\/div>\n<div class=\"penci-single-link-pages\"><strong>Fonte: Rede Brasil Atual<\/strong><\/div>\n","protected":false},"excerpt":{"rendered":"<p>O Brasil assiste a explos\u00e3o da desigualdade de renda, jamais identificada desde o ano de 1960, quando o IBGE passou a captar informa\u00e7\u00f5es acerca do rendimento da popula\u00e7\u00e3o nos censos demogr\u00e1ficos. O novo padr\u00e3o de concentra\u00e7\u00e3o da renda que emerge dos governos da segunda metade da d\u00e9cada de 2010 transcorre de forma in\u00e9dita, pois combina [&hellip;]<\/p>\n","protected":false},"author":2,"featured_media":7629,"comment_status":"","ping_status":"","sticky":false,"template":"","format":"standard","meta":{"footnotes":""},"categories":[3],"tags":[],"class_list":["post-7630","post","type-post","status-publish","format-standard","has-post-thumbnail","hentry","category-noticias"],"_links":{"self":[{"href":"https:\/\/hostnetart.com.br\/baixada\/wp-json\/wp\/v2\/posts\/7630","targetHints":{"allow":["GET"]}}],"collection":[{"href":"https:\/\/hostnetart.com.br\/baixada\/wp-json\/wp\/v2\/posts"}],"about":[{"href":"https:\/\/hostnetart.com.br\/baixada\/wp-json\/wp\/v2\/types\/post"}],"author":[{"embeddable":true,"href":"https:\/\/hostnetart.com.br\/baixada\/wp-json\/wp\/v2\/users\/2"}],"replies":[{"embeddable":true,"href":"https:\/\/hostnetart.com.br\/baixada\/wp-json\/wp\/v2\/comments?post=7630"}],"version-history":[{"count":0,"href":"https:\/\/hostnetart.com.br\/baixada\/wp-json\/wp\/v2\/posts\/7630\/revisions"}],"wp:featuredmedia":[{"embeddable":true,"href":"https:\/\/hostnetart.com.br\/baixada\/wp-json\/wp\/v2\/media\/7629"}],"wp:attachment":[{"href":"https:\/\/hostnetart.com.br\/baixada\/wp-json\/wp\/v2\/media?parent=7630"}],"wp:term":[{"taxonomy":"category","embeddable":true,"href":"https:\/\/hostnetart.com.br\/baixada\/wp-json\/wp\/v2\/categories?post=7630"},{"taxonomy":"post_tag","embeddable":true,"href":"https:\/\/hostnetart.com.br\/baixada\/wp-json\/wp\/v2\/tags?post=7630"}],"curies":[{"name":"wp","href":"https:\/\/api.w.org\/{rel}","templated":true}]}}