{"id":7628,"date":"2019-09-27T16:58:28","date_gmt":"2019-09-27T19:58:28","guid":{"rendered":"https:\/\/hostnetart.com.br\/baixada\/depois-da-cobranca-dos-empregados-caixa-ira-liberar-acesso-ao-3-censo-da-diversidade-bancaria\/"},"modified":"2019-09-27T16:58:28","modified_gmt":"2019-09-27T19:58:28","slug":"depois-da-cobranca-dos-empregados-caixa-ira-liberar-acesso-ao-3-censo-da-diversidade-bancaria","status":"publish","type":"post","link":"https:\/\/hostnetart.com.br\/baixada\/depois-da-cobranca-dos-empregados-caixa-ira-liberar-acesso-ao-3-censo-da-diversidade-bancaria\/","title":{"rendered":"Depois da cobran\u00e7a dos empregados, Caixa ir\u00e1 liberar acesso ao 3\u00ba Censo da Diversidade Banc\u00e1ria"},"content":{"rendered":"<div class=\"elementor-element elementor-element-194680ec elementor-widget elementor-widget-theme-post-content\" data-id=\"194680ec\" data-element_type=\"widget\" data-widget_type=\"theme-post-content.default\">\n<div class=\"elementor-widget-container\">\n<p>Depois da c<a href=\"https:\/\/contrafcut.com.br\/noticias\/caixa-nao-adere-ao-3o-censo-da-diversidade\/\" target=\"_blank\" rel=\"noopener noreferrer\">obran\u00e7a da Confedera\u00e7\u00e3o Nacional dos Trabalhadores do Ramo Financeiro (Contraf-CUT) e do Comando Nacional dos Banc\u00e1rios<\/a>, a Caixa Econ\u00f4mica Federal declarou, na tarde desta quinta-feira (26), que ir\u00e1 liberar o acesso dos empregados para responderem ao <a href=\"https:\/\/diversidade.febraban.org.br\/\" target=\"_blank\" rel=\"noopener noreferrer\">question\u00e1rio<\/a> do <a href=\"https:\/\/contrafcut.com.br\/noticias\/responda-ao-3o-censo-e-seja-um-agente-da-diversidade\/\" target=\"_blank\" rel=\"noopener noreferrer\">3\u00ba Censo da Diversidade Banc\u00e1ria<\/a>.<\/p>\n<p>De acordo com a dire\u00e7\u00e3o do banco, a atualiza\u00e7\u00e3o do arquivo com a base de empregados j\u00e1 foi atualizada e enviada \u00e0 Federa\u00e7\u00e3o Nacional dos Bancos (Fenaban). A expectativa, segundo eles, \u00e9 que o acesso seja liberado nesta sexta-feira (27) ou na segunda-feira (30).<\/p>\n<p>\u201c\u00c9 uma vit\u00f3ria dos empregados, pois o Censo \u00e9 uma conquista da categoria. Cada trabalhador \u00e9 pe\u00e7a fundamental nesse processo que vai culminar na cria\u00e7\u00e3o de pol\u00edticas de diversidade\u201d, disse o coordenador da Comiss\u00e3o Executiva dos Empregados (CEE) da Caixa, Dion\u00edsio Reis. \u201cAgora, vamos cobrar da Fenaban a prorroga\u00e7\u00e3o do Censo para que todos os empregados consigam participar\u201d, completou.<\/p>\n<h3>Igualdade de oportunidades<\/h3>\n<p>O levantamento visa tra\u00e7ar o perfil da categoria banc\u00e1ria por g\u00eanero, orienta\u00e7\u00e3o sexual, ra\u00e7a e pessoas com defici\u00eancia (PCDs) com o objetivo de analisar as pol\u00edticas de inclus\u00e3o dos bancos e promover a igualdade de oportunidades no setor banc\u00e1rio.<\/p>\n<p>O 3\u00ba Censo da Diversidade \u00e9 uma das conquistas da categoria na Mesa de Negocia\u00e7\u00e3o com a Federa\u00e7\u00e3o Nacional dos Bancos (Fenaban). Os levantamentos anteriores foram realizados em 2008 e 2014.<\/p>\n<p><strong>Fonte: Contraf-CUT<\/strong><\/p>\n<\/div>\n<\/div>\n","protected":false},"excerpt":{"rendered":"<p>Depois da cobran\u00e7a da Confedera\u00e7\u00e3o Nacional dos Trabalhadores do Ramo Financeiro (Contraf-CUT) e do Comando Nacional dos Banc\u00e1rios, a Caixa Econ\u00f4mica Federal declarou, na tarde desta quinta-feira (26), que ir\u00e1 liberar o acesso dos empregados para responderem ao question\u00e1rio do 3\u00ba Censo da Diversidade Banc\u00e1ria. De acordo com a dire\u00e7\u00e3o do banco, a atualiza\u00e7\u00e3o do [&hellip;]<\/p>\n","protected":false},"author":2,"featured_media":7627,"comment_status":"","ping_status":"","sticky":false,"template":"","format":"standard","meta":{"footnotes":""},"categories":[3],"tags":[],"class_list":["post-7628","post","type-post","status-publish","format-standard","has-post-thumbnail","hentry","category-noticias"],"_links":{"self":[{"href":"https:\/\/hostnetart.com.br\/baixada\/wp-json\/wp\/v2\/posts\/7628","targetHints":{"allow":["GET"]}}],"collection":[{"href":"https:\/\/hostnetart.com.br\/baixada\/wp-json\/wp\/v2\/posts"}],"about":[{"href":"https:\/\/hostnetart.com.br\/baixada\/wp-json\/wp\/v2\/types\/post"}],"author":[{"embeddable":true,"href":"https:\/\/hostnetart.com.br\/baixada\/wp-json\/wp\/v2\/users\/2"}],"replies":[{"embeddable":true,"href":"https:\/\/hostnetart.com.br\/baixada\/wp-json\/wp\/v2\/comments?post=7628"}],"version-history":[{"count":0,"href":"https:\/\/hostnetart.com.br\/baixada\/wp-json\/wp\/v2\/posts\/7628\/revisions"}],"wp:featuredmedia":[{"embeddable":true,"href":"https:\/\/hostnetart.com.br\/baixada\/wp-json\/wp\/v2\/media\/7627"}],"wp:attachment":[{"href":"https:\/\/hostnetart.com.br\/baixada\/wp-json\/wp\/v2\/media?parent=7628"}],"wp:term":[{"taxonomy":"category","embeddable":true,"href":"https:\/\/hostnetart.com.br\/baixada\/wp-json\/wp\/v2\/categories?post=7628"},{"taxonomy":"post_tag","embeddable":true,"href":"https:\/\/hostnetart.com.br\/baixada\/wp-json\/wp\/v2\/tags?post=7628"}],"curies":[{"name":"wp","href":"https:\/\/api.w.org\/{rel}","templated":true}]}}