{"id":7626,"date":"2019-09-27T16:51:32","date_gmt":"2019-09-27T19:51:32","guid":{"rendered":"https:\/\/hostnetart.com.br\/baixada\/sabado-28-tem-encontro-nacional-de-saude-dos-funcionarios-do-banco-do-brasil\/"},"modified":"2019-09-27T16:51:32","modified_gmt":"2019-09-27T19:51:32","slug":"sabado-28-tem-encontro-nacional-de-saude-dos-funcionarios-do-banco-do-brasil","status":"publish","type":"post","link":"https:\/\/hostnetart.com.br\/baixada\/sabado-28-tem-encontro-nacional-de-saude-dos-funcionarios-do-banco-do-brasil\/","title":{"rendered":"S\u00e1bado (28) tem Encontro Nacional de Sa\u00fade dos Funcion\u00e1rios do Banco do Brasil"},"content":{"rendered":"<div class=\"elementor-element elementor-element-194680ec elementor-widget elementor-widget-theme-post-content\" data-id=\"194680ec\" data-element_type=\"widget\" data-widget_type=\"theme-post-content.default\">\n<div class=\"elementor-widget-container\">\n<p>Os funcion\u00e1rios do Banco do Brasil realizam, no pr\u00f3ximo s\u00e1bado (28), um encontro nacional de sa\u00fade para discutir sobre a situa\u00e7\u00e3o da Caixa de Assist\u00eancia (Cassi) e os sistemas de sa\u00fade privado e em autogest\u00e3o. O encontro ser\u00e1 realizado na Quadra do Sindicato dos Banc\u00e1rios de S\u00e3o Paulo.<\/p>\n<p>\u201cA Cassi \u00e9 muito mais do que um plano de sa\u00fade. Ela traz benef\u00edcios aos funcion\u00e1rios, mas tamb\u00e9m ao banco. Os funcion\u00e1rios precisam conhecer e debater sobre a atual situa\u00e7\u00e3o e se mobilizar para manter essa conquista hist\u00f3rica\u201d, afirmou o coordenador da Comiss\u00e3o de Empresa dos Funcion\u00e1rios do Banco do Brasil (CEBB), Jo\u00e3o Fukunaga.<\/p>\n<h3><strong>Calend\u00e1rio de atividades<\/strong><\/h3>\n<p>A atividade faz parte do calend\u00e1rio em defesa da Cassi, definido durante o 30\u00ba Congresso Nacional dos Funcion\u00e1rios do BB, ocorrido nos dias 1 e 2 de agosto, em S\u00e3o Paulo.<\/p>\n<p>Reuni\u00f5es espec\u00edficas nos locais de trabalho, plen\u00e1rias e encontros estaduais\/regionais foram realizados durante todo o <a href=\"https:\/\/contrafcut.com.br\/noticias\/setembro-e-mes-de-defesa-da-cassi\/\" target=\"_blank\" rel=\"noopener noreferrer\">m\u00eas de setembro<\/a>. O objetivo foi o de mostrar aos funcion\u00e1rios do banco e, principalmente, para os associados, o que est\u00e1 acontecendo com a Cassi, que est\u00e1 sob <a href=\"http:\/\/blogs.correiobraziliense.com.br\/servidor\/impasse-pode-provocar-a-venda-da-cassi-plano-de-saude-dos-funcionarios-do-bb\/#respond\" target=\"_blank\" rel=\"noopener noreferrer\">interven\u00e7\u00e3o da ANS<\/a>, <a href=\"https:\/\/contrafcut.com.br\/noticias\/cassi-novo-aumento-de-coparticipacao-fere-acordos-anteriores\/\" target=\"_blank\" rel=\"noopener noreferrer\">aumentando os valores de coparticipa\u00e7\u00e3o<\/a> e em risco iminente de ser liquidada.<\/p>\n<h3><strong>Encontro Nacional de Sa\u00fade dos Funcion\u00e1rios do BB<\/strong><\/h3>\n<p><strong>28 de setembro de 2019<\/strong><br \/><strong>Programa\u00e7\u00e3o:<\/strong><br \/><strong>9h \u00e0s 13h<\/strong><br \/>\u2013 Abertura CEBB<br \/>\u2013 Painel 1: Auto-Gest\u00e3o e aten\u00e7\u00e3o prim\u00e1ria de sa\u00fade<br \/>Palestrantes:<\/p>\n<ul>\n<li>Gonzalo Vecina<\/li>\n<li>Carlos C\u00e9lio \u2013 GEAP<\/li>\n<li>Vera Marchioni \u2013 Cabesp<\/li>\n<li>Representante do Sa\u00fade Caixa<\/li>\n<\/ul>\n<p><strong>13h<\/strong> \u2013 Intervalo Almo\u00e7o<\/p>\n<p><strong>14h \u2013 16h<\/strong><br \/>\u2013 Painel 2: Desafios da autogest\u00e3o com atual cen\u00e1rio pol\u00edtico<br \/>Palestrantes:<\/p>\n<ul>\n<li>Anderson Mendes \u2013 Presidente da Unidas<\/li>\n<li>Jos\u00e9 Luiz Toro da Silva \u2013 Assessoria Jur\u00eddica Unidas<\/li>\n<li>Erica Kokay \u2013 deputada federal (PT\/DF)<\/li>\n<\/ul>\n<p><strong>16h \u2013 18h<\/strong><br \/>\u2013 Painel 3 \u2013 Hist\u00f3rico e situa\u00e7\u00e3o atual da Cassi<br \/>Palestrante:<\/p>\n<ul>\n<li>Wagner Nascimento<\/li>\n<\/ul>\n<p>\u00a0<\/p>\n<p><strong>Fonte: Contraf-CUT<\/strong><\/p>\n<\/div>\n<\/div>\n","protected":false},"excerpt":{"rendered":"<p>Os funcion\u00e1rios do Banco do Brasil realizam, no pr\u00f3ximo s\u00e1bado (28), um encontro nacional de sa\u00fade para discutir sobre a situa\u00e7\u00e3o da Caixa de Assist\u00eancia (Cassi) e os sistemas de sa\u00fade privado e em autogest\u00e3o. O encontro ser\u00e1 realizado na Quadra do Sindicato dos Banc\u00e1rios de S\u00e3o Paulo. \u201cA Cassi \u00e9 muito mais do que [&hellip;]<\/p>\n","protected":false},"author":2,"featured_media":7625,"comment_status":"","ping_status":"","sticky":false,"template":"","format":"standard","meta":{"footnotes":""},"categories":[3],"tags":[],"class_list":["post-7626","post","type-post","status-publish","format-standard","has-post-thumbnail","hentry","category-noticias"],"_links":{"self":[{"href":"https:\/\/hostnetart.com.br\/baixada\/wp-json\/wp\/v2\/posts\/7626","targetHints":{"allow":["GET"]}}],"collection":[{"href":"https:\/\/hostnetart.com.br\/baixada\/wp-json\/wp\/v2\/posts"}],"about":[{"href":"https:\/\/hostnetart.com.br\/baixada\/wp-json\/wp\/v2\/types\/post"}],"author":[{"embeddable":true,"href":"https:\/\/hostnetart.com.br\/baixada\/wp-json\/wp\/v2\/users\/2"}],"replies":[{"embeddable":true,"href":"https:\/\/hostnetart.com.br\/baixada\/wp-json\/wp\/v2\/comments?post=7626"}],"version-history":[{"count":0,"href":"https:\/\/hostnetart.com.br\/baixada\/wp-json\/wp\/v2\/posts\/7626\/revisions"}],"wp:featuredmedia":[{"embeddable":true,"href":"https:\/\/hostnetart.com.br\/baixada\/wp-json\/wp\/v2\/media\/7625"}],"wp:attachment":[{"href":"https:\/\/hostnetart.com.br\/baixada\/wp-json\/wp\/v2\/media?parent=7626"}],"wp:term":[{"taxonomy":"category","embeddable":true,"href":"https:\/\/hostnetart.com.br\/baixada\/wp-json\/wp\/v2\/categories?post=7626"},{"taxonomy":"post_tag","embeddable":true,"href":"https:\/\/hostnetart.com.br\/baixada\/wp-json\/wp\/v2\/tags?post=7626"}],"curies":[{"name":"wp","href":"https:\/\/api.w.org\/{rel}","templated":true}]}}