{"id":7618,"date":"2019-09-26T14:34:51","date_gmt":"2019-09-26T17:34:51","guid":{"rendered":"https:\/\/hostnetart.com.br\/baixada\/combate-ao-adoecimento-na-caixa-e-debatido-por-especialistas\/"},"modified":"2019-09-26T14:34:51","modified_gmt":"2019-09-26T17:34:51","slug":"combate-ao-adoecimento-na-caixa-e-debatido-por-especialistas","status":"publish","type":"post","link":"https:\/\/hostnetart.com.br\/baixada\/combate-ao-adoecimento-na-caixa-e-debatido-por-especialistas\/","title":{"rendered":"Combate ao adoecimento na Caixa \u00e9 debatido por especialistas"},"content":{"rendered":"<p>Debater a necessidade urgente do estabelecimento, de uma pol\u00edtica de preven\u00e7\u00e3o de adoecimento f\u00edsico e mental na Caixa Econ\u00f4mica Federal \u00e9 um dos objetivos do 1\u00ba Semin\u00e1rio sobre Sa\u00fade Mental dos Trabalhadores da Caixa. Realizado pela Fenae, nesta quarta-feira (25), em Bras\u00edlia (DF), o evento re\u00fane empregados do banco, representantes de sindicatos, Apcefs, do Conselho de Usu\u00e1rios do Sa\u00fade Caixa e do GT Sa\u00fade do Trabalhador.<br \/>Sujeitos a sobrecarga e a um modelo de gest\u00e3o que estimula a press\u00e3o por produtividade e o ass\u00e9dio moral, transtornos psicol\u00f3gicos e emocionais se tornaram problemas cada vez mais comuns entre os trabalhadores.<br \/>Na abertura do semin\u00e1rio, o presidente da Fenae, Jair Pedro Ferreira, defendeu que a sa\u00fade do trabalhador tem que ser uma pauta perene do movimento sindical e associativo. \u201cPrecisamos envolver todas as entidades e representa\u00e7\u00f5es dos trabalhadores, para juntos construirmos ferramentas para combater esse grave problema. Essa luta tem de ser de todos n\u00f3s\u201d, refor\u00e7ou o dirigente.<br \/>Na Caixa, conforme Jair Ferreira, o modelo de gest\u00e3o propicia o adoecimento da categoria. Redu\u00e7\u00e3o do n\u00famero de empregados, reestrutura\u00e7\u00e3o e metas abusivas s\u00e3o apontados como alguns dos fatores que precarizam as condi\u00e7\u00f5es de trabalho. \u201cEm 2014, t\u00ednhamos 4 mil ag\u00eancias e 101 mil empregados concursados. O volume de trabalho aumentou de l\u00e1 pra c\u00e1 e n\u00f3s perdemos 19 mil vagas de trabalho. O risco de privatiza\u00e7\u00e3o \u00e9 outro problema que afeta os trabalhadores. \u00c9 preciso mudar esta pol\u00edtica de gest\u00e3o da dire\u00e7\u00e3o da Caixa, que n\u00e3o respeita os trabalhadores e deixam as pessoas doentes\u201d, disse o presidente da Fenae.<br \/>O presidente do Conselho Deliberativo Nacional (CDN) da Fenae, Paulo Moretti, lembrou que o adoecimento afeta n\u00e3o s\u00f3 os trabalhadores que est\u00e3o atuando na Caixa, mas tamb\u00e9m os aposentados. \u201cAs condi\u00e7\u00f5es do trabalhador que est\u00e1 nas unidades e dos aposentados s\u00e3o cada vez mais preocupantes. Est\u00e3o sofrendo com problemas de sa\u00fade mental\u201d.<br \/>Para diretora de Rela\u00e7\u00f5es do Trabalho da Fenae, Rita Lima, a realiza\u00e7\u00e3o do semin\u00e1rio revela o compromisso da entidade com a defesa da sa\u00fade e sobretudo a qualidade de vida dos trabalhadores da Caixa. \u201cTemos assistido quase a uma epidemia de transtornos e adoecimentos na empresa\u201d, alertou.<br \/>Fabiana Uehara, secret\u00e1ria da Cultura e representante da Confedera\u00e7\u00e3o Nacional dos Trabalhadores do Ramo Financeiro (Contraf\/CUT), na Comiss\u00e3o Executiva dos Empregados da Caixa (CEE\/Caixa), disse que o debate \u00e9 fundamental para gerar subs\u00eddios visando a mobiliza\u00e7\u00e3o dos trabalhadores e das entidades sindicais contra a precariza\u00e7\u00e3o das condi\u00e7\u00f5es de trabalho, o ass\u00e9dio moral e outras formas de press\u00e3o sobre os empregados.<\/p>\n<h3>Pesquisa<\/h3>\n<p>Os n\u00fameros apontados por uma pesquisa, encomendada pela Fenae em 2018, confirmam o que o movimento dos trabalhadores j\u00e1 denunciava, que era o aumento dos transtornos ps\u00edquicos e outros graves problemas de sa\u00fade entre os empregados da Caixa.<br \/>Os dados do estudo foram apresentados pela diretora de Sa\u00fade e Previd\u00eancia da Fenae, Fabiana Matheus, durante o semin\u00e1rio. Conforme ela, um em cada tr\u00eas empregados da Caixa, ouvidos no per\u00edodo de 2 a 30 de maio, diz ter apresentado algum problema de sa\u00fade em decorr\u00eancia do trabalho.<br \/>Entre os que tiveram algum problema, 10,6% relataram depress\u00e3o. Doen\u00e7as causadas por estresse e doen\u00e7as psicol\u00f3gicas representam 60,5% dos casos. Entre os que tiveram problemas, 53% precisaram recorrer a algum medicamento. Os rem\u00e9dios mais usados foram os antidepressivos e ansiol\u00edticos (35,3%), anti-inflamat\u00f3rios (14,3%) e analg\u00e9sicos (7,6%).<br \/>\u201cIsso revela o quanto o modelo de gest\u00e3o do banco, a sobrecarga de trabalho e a aus\u00eancia de uma pol\u00edtica de sa\u00fade do trabalhador est\u00e3o prejudicando a vida de milhares de pessoas e provocando um verdadeiro quadro de adoecimento cr\u00f4nico na categoria\u201d, ressaltou Fabiana Matheus. A diretora de Sa\u00fade e Previd\u00eancia da Fenae informou que um novo estudo deve ser realizado em novembro para avaliar a sa\u00fade dos trabalhadores da Caixa.<\/p>\n<h3>Debate<\/h3>\n<p>Pain\u00e9is sobre sa\u00fade do trabalhador e ass\u00e9dio moral marcaram o in\u00edcio dos debates no I Semin\u00e1rio Sa\u00fade Mental dos Trabalhadores da Caixa. A pesquisadora no campo da sa\u00fade do trabalhador, Cristiane Queiroz, fez um panorama sobre a organiza\u00e7\u00e3o do trabalho e como ela tem interferido na vida dos indiv\u00edduos.<br \/>Segundo ela, o foco da Sa\u00fade no Trabalho deve estar direcionado dentre outros objetivos na manuten\u00e7\u00e3o e promo\u00e7\u00e3o da sa\u00fade dos trabalhadores e de sua capacidade de trabalho, e o melhoramento das condi\u00e7\u00f5es de trabalho, para que elas sejam compat\u00edveis com a sa\u00fade e a seguran\u00e7a. \u201cPrecisamos falar sobre adoecimento e priorizar na pauta a quest\u00e3o da sa\u00fade do trabalhador\u201d.<br \/>O professor da Universidade de S\u00e3o Carlos (UFScar), Eduardo Pinto e Silva, falou sobre ass\u00e9dio moral e as \u201cnovas\u201d ferramentas de gest\u00e3o do trabalho. Segundo ele, o processo de precariza\u00e7\u00e3o do trabalho atinge todas as categorias profissionais.<br \/>\u201cEst\u00e3o estra\u00e7alhando com a subjetividade do trabalhador. \u00c9 preciso dar um basta a essa demoli\u00e7\u00e3o da criatividade do trabalho\u201d, argumentou. Eduardo Pinto disse que o ass\u00e9dio moral precisa ser visto como fen\u00f4meno social e organizacional e que est\u00e1 institucionalizado no modelo de gest\u00e3o das empresas que precisa ser revisto.<\/p>\n<p><strong>Fonte: Contraf-CUT<\/strong><\/p>\n","protected":false},"excerpt":{"rendered":"<p>Debater a necessidade urgente do estabelecimento, de uma pol\u00edtica de preven\u00e7\u00e3o de adoecimento f\u00edsico e mental na Caixa Econ\u00f4mica Federal \u00e9 um dos objetivos do 1\u00ba Semin\u00e1rio sobre Sa\u00fade Mental dos Trabalhadores da Caixa. Realizado pela Fenae, nesta quarta-feira (25), em Bras\u00edlia (DF), o evento re\u00fane empregados do banco, representantes de sindicatos, Apcefs, do Conselho [&hellip;]<\/p>\n","protected":false},"author":2,"featured_media":7617,"comment_status":"","ping_status":"","sticky":false,"template":"","format":"standard","meta":{"footnotes":""},"categories":[3],"tags":[],"class_list":["post-7618","post","type-post","status-publish","format-standard","has-post-thumbnail","hentry","category-noticias"],"_links":{"self":[{"href":"https:\/\/hostnetart.com.br\/baixada\/wp-json\/wp\/v2\/posts\/7618","targetHints":{"allow":["GET"]}}],"collection":[{"href":"https:\/\/hostnetart.com.br\/baixada\/wp-json\/wp\/v2\/posts"}],"about":[{"href":"https:\/\/hostnetart.com.br\/baixada\/wp-json\/wp\/v2\/types\/post"}],"author":[{"embeddable":true,"href":"https:\/\/hostnetart.com.br\/baixada\/wp-json\/wp\/v2\/users\/2"}],"replies":[{"embeddable":true,"href":"https:\/\/hostnetart.com.br\/baixada\/wp-json\/wp\/v2\/comments?post=7618"}],"version-history":[{"count":0,"href":"https:\/\/hostnetart.com.br\/baixada\/wp-json\/wp\/v2\/posts\/7618\/revisions"}],"wp:featuredmedia":[{"embeddable":true,"href":"https:\/\/hostnetart.com.br\/baixada\/wp-json\/wp\/v2\/media\/7617"}],"wp:attachment":[{"href":"https:\/\/hostnetart.com.br\/baixada\/wp-json\/wp\/v2\/media?parent=7618"}],"wp:term":[{"taxonomy":"category","embeddable":true,"href":"https:\/\/hostnetart.com.br\/baixada\/wp-json\/wp\/v2\/categories?post=7618"},{"taxonomy":"post_tag","embeddable":true,"href":"https:\/\/hostnetart.com.br\/baixada\/wp-json\/wp\/v2\/tags?post=7618"}],"curies":[{"name":"wp","href":"https:\/\/api.w.org\/{rel}","templated":true}]}}