{"id":7614,"date":"2019-09-25T17:44:21","date_gmt":"2019-09-25T20:44:21","guid":{"rendered":"https:\/\/hostnetart.com.br\/baixada\/1-seminario-sobre-saude-mental-dos-empregados-da-caixa-comeca-nesta-quarta-25\/"},"modified":"2019-09-25T17:44:21","modified_gmt":"2019-09-25T20:44:21","slug":"1-seminario-sobre-saude-mental-dos-empregados-da-caixa-comeca-nesta-quarta-25","status":"publish","type":"post","link":"https:\/\/hostnetart.com.br\/baixada\/1-seminario-sobre-saude-mental-dos-empregados-da-caixa-comeca-nesta-quarta-25\/","title":{"rendered":"1\u00ba Semin\u00e1rio sobre Sa\u00fade Mental dos empregados da Caixa come\u00e7a nesta quarta (25)"},"content":{"rendered":"<p>Come\u00e7a nesta quarta (25), o 1\u00ba Semin\u00e1rio sobre Sa\u00fade Mental dos empregados da Caixa. O evento em Bras\u00edlia vai debater sobre sa\u00fade do trabalhador, ass\u00e9dio moral e suic\u00eddio na categoria banc\u00e1ria.<\/p>\n<p>Na ocasi\u00e3o, a p\u00f3s-doutora, psic\u00f3loga e professora da UnB, Ana Magn\u00f3lia Mendes, vai apresentar projeto de preven\u00e7\u00e3o ao adoecimento mental na Caixa.\u00a0 O projeto faz parte das a\u00e7\u00f5es da campanha \u201cN\u00e3o Sofra Sozinho\u201d, iniciativa para conscientizar e alertar para os altos \u00edndices de suic\u00eddio e adoecimento mental dos trabalhadores da Caixa. Al\u00e9m de incentivar a preven\u00e7\u00e3o, a campanha tamb\u00e9m busca despertar a solidariedade e fomentar o debate acerca do tema.<\/p>\n<p>Para professora Ana Magnolia Mendes e a pesquisadora Fernanda Sousa Duarte, o sofrimento se acumula e depois se manifesta no adoecimento f\u00edsico ou ps\u00edquico, provocando diversos transtornos inclusive depress\u00e3o, que pode levar ao suic\u00eddio, considerado uma das patologias mais radicais do atual mundo do trabalho.<\/p>\n<p><a href=\"http:\/\/fenae.org.br\/portal\/fenae-portal\/noticias\/gestao-da-caixa-e-a-principal-causa-de-adoecimento-dos-bancarios-diz-especialista.htm\" target=\"_blank\" rel=\"noopener noreferrer\">Leia a entrevista completa\u00a0<\/a>com as duas especialistas para entender as causas do adoecimento em massa dos trabalhadores e sua \u00edntima rela\u00e7\u00e3o com o discurso capitalista colonial e modelo de gest\u00e3o.<\/p>\n<p><strong>Fonte: Rede Brasil Atual<\/strong><\/p>\n","protected":false},"excerpt":{"rendered":"<p>Come\u00e7a nesta quarta (25), o 1\u00ba Semin\u00e1rio sobre Sa\u00fade Mental dos empregados da Caixa. O evento em Bras\u00edlia vai debater sobre sa\u00fade do trabalhador, ass\u00e9dio moral e suic\u00eddio na categoria banc\u00e1ria. Na ocasi\u00e3o, a p\u00f3s-doutora, psic\u00f3loga e professora da UnB, Ana Magn\u00f3lia Mendes, vai apresentar projeto de preven\u00e7\u00e3o ao adoecimento mental na Caixa.\u00a0 O projeto [&hellip;]<\/p>\n","protected":false},"author":2,"featured_media":7613,"comment_status":"","ping_status":"","sticky":false,"template":"","format":"standard","meta":{"footnotes":""},"categories":[3],"tags":[],"class_list":["post-7614","post","type-post","status-publish","format-standard","has-post-thumbnail","hentry","category-noticias"],"_links":{"self":[{"href":"https:\/\/hostnetart.com.br\/baixada\/wp-json\/wp\/v2\/posts\/7614","targetHints":{"allow":["GET"]}}],"collection":[{"href":"https:\/\/hostnetart.com.br\/baixada\/wp-json\/wp\/v2\/posts"}],"about":[{"href":"https:\/\/hostnetart.com.br\/baixada\/wp-json\/wp\/v2\/types\/post"}],"author":[{"embeddable":true,"href":"https:\/\/hostnetart.com.br\/baixada\/wp-json\/wp\/v2\/users\/2"}],"replies":[{"embeddable":true,"href":"https:\/\/hostnetart.com.br\/baixada\/wp-json\/wp\/v2\/comments?post=7614"}],"version-history":[{"count":0,"href":"https:\/\/hostnetart.com.br\/baixada\/wp-json\/wp\/v2\/posts\/7614\/revisions"}],"wp:featuredmedia":[{"embeddable":true,"href":"https:\/\/hostnetart.com.br\/baixada\/wp-json\/wp\/v2\/media\/7613"}],"wp:attachment":[{"href":"https:\/\/hostnetart.com.br\/baixada\/wp-json\/wp\/v2\/media?parent=7614"}],"wp:term":[{"taxonomy":"category","embeddable":true,"href":"https:\/\/hostnetart.com.br\/baixada\/wp-json\/wp\/v2\/categories?post=7614"},{"taxonomy":"post_tag","embeddable":true,"href":"https:\/\/hostnetart.com.br\/baixada\/wp-json\/wp\/v2\/tags?post=7614"}],"curies":[{"name":"wp","href":"https:\/\/api.w.org\/{rel}","templated":true}]}}