{"id":7598,"date":"2019-09-24T13:47:09","date_gmt":"2019-09-24T16:47:09","guid":{"rendered":"https:\/\/hostnetart.com.br\/baixada\/contraf-cut-conta-a-historia-da-melhoria-da-plr-com-texto-e-videos\/"},"modified":"2019-09-24T13:47:09","modified_gmt":"2019-09-24T16:47:09","slug":"contraf-cut-conta-a-historia-da-melhoria-da-plr-com-texto-e-videos","status":"publish","type":"post","link":"https:\/\/hostnetart.com.br\/baixada\/contraf-cut-conta-a-historia-da-melhoria-da-plr-com-texto-e-videos\/","title":{"rendered":"Contraf-CUT conta a hist\u00f3ria da melhoria da PLR com texto e v\u00eddeos"},"content":{"rendered":"<p>Os recursos da Participa\u00e7\u00e3o nos Lucros e\/ou Resultados ajudam a movimentar a economia de todo o pa\u00eds. Agora em setembro, somente com essa primeira parcela,\u00a0<a href=\"https:\/\/contrafcut.com.br\/noticias\/reajuste-dos-bancarios-injetara-r-105-bi-na-economia\/\" target=\"_blank\" rel=\"noopener noreferrer\">ser\u00e3o injetados aproximadamente R$ 3,488 bi na economia<\/a>, segundo dados do\u00a0<a href=\"https:\/\/www.dieese.org.br\/\" target=\"_blank\" rel=\"noopener noreferrer\">Departamento Intersindical de Estat\u00edstica e Estudos Socioecon\u00f4micos (Dieese)<\/a>.<\/p>\n<p>Mas, nem sempre foi assim. Os sindicatos come\u00e7aram a debater e a reivindicar a PLR em meados de 1990. A conquista s\u00f3 veio em 1995. Desde aquele ano at\u00e9 a\u00a0<a href=\"https:\/\/contrafcut.com.br\/wp-content\/uploads\/anexos\/convenios\/ad6d94916fdb8838499c370547aa2982\/file\/plr-2018-2019.PDF\" target=\"_blank\" rel=\"noopener noreferrer\">Conven\u00e7\u00e3o Coletiva de Trabalho (CCT) atual<\/a>, os sindicatos e a categoria obtiveram muitos avan\u00e7os.<\/p>\n<p>\u201cA uni\u00e3o e organiza\u00e7\u00e3o da categoria foi fundamental para a melhoria da PLR no decorrer destes 25 anos de luta. Os sindicatos, com a participa\u00e7\u00e3o de todos os banc\u00e1rios, podem avan\u00e7ar ainda mais nesta e em muitas outras cl\u00e1usulas de nossa conven\u00e7\u00e3o coletiva\u201d, afirmou a presidenta da Confedera\u00e7\u00e3o Nacional dos Trabalhadores do Ramo Financeiro (Contraf-CUT), Juvandia Moreira.<\/p>\n<p>A presidenta da Contraf-CUT destacou, ainda, o papel crucial da organiza\u00e7\u00e3o sindical para as conquistas da categoria. \u201cOs bancos n\u00e3o d\u00e3o nada sem que a gente lute! O que eles chamam de benef\u00edcios, s\u00e3o direitos que conquistamos com mobiliza\u00e7\u00e3o e luta. Por isso, \u00e9 fundamental que banc\u00e1rios e banc\u00e1rias tenham a consci\u00eancia da import\u00e2ncia de sua participa\u00e7\u00e3o, mas tamb\u00e9m que os avan\u00e7os somente s\u00e3o poss\u00edveis se eles estiverem unidos \u00e0s entidades de representa\u00e7\u00e3o sindical. Juntos somos fortes!\u201d, ressaltou.<\/p>\n<p>A Contraf-CUT conta a hist\u00f3ria desta evolu\u00e7\u00e3o por meio de\u00a0<a href=\"https:\/\/contrafcut.com.br\/noticias\/plr-e-resultado-da-luta-da-categoria\/\" target=\"_blank\" rel=\"noopener noreferrer\">texto<\/a>\u00a0e\u00a0<a href=\"https:\/\/www.youtube.com\/playlist?list=PLUA9wyfilLlvcx-YGTD4VqOX6ItY_qcEB\" target=\"_blank\" rel=\"noopener noreferrer\">v\u00eddeos<\/a>. S\u00e3o 10 mini v\u00eddeos (p\u00edlulas), de aproximadamente 30 segundos cada um, com o passo a passo dos avan\u00e7os, e um v\u00eddeo mais longo, com pouco mais de tr\u00eas minutos, com toda a hist\u00f3ria da melhoria da PLR.<\/p>\n<p><strong>Fonte:<\/strong>\u00a0<strong>Contraf-CUT<\/strong><\/p>\n","protected":false},"excerpt":{"rendered":"<p>Os recursos da Participa\u00e7\u00e3o nos Lucros e\/ou Resultados ajudam a movimentar a economia de todo o pa\u00eds. Agora em setembro, somente com essa primeira parcela,\u00a0ser\u00e3o injetados aproximadamente R$ 3,488 bi na economia, segundo dados do\u00a0Departamento Intersindical de Estat\u00edstica e Estudos Socioecon\u00f4micos (Dieese). Mas, nem sempre foi assim. Os sindicatos come\u00e7aram a debater e a reivindicar [&hellip;]<\/p>\n","protected":false},"author":2,"featured_media":7597,"comment_status":"","ping_status":"","sticky":false,"template":"","format":"standard","meta":{"footnotes":""},"categories":[3],"tags":[],"class_list":["post-7598","post","type-post","status-publish","format-standard","has-post-thumbnail","hentry","category-noticias"],"_links":{"self":[{"href":"https:\/\/hostnetart.com.br\/baixada\/wp-json\/wp\/v2\/posts\/7598","targetHints":{"allow":["GET"]}}],"collection":[{"href":"https:\/\/hostnetart.com.br\/baixada\/wp-json\/wp\/v2\/posts"}],"about":[{"href":"https:\/\/hostnetart.com.br\/baixada\/wp-json\/wp\/v2\/types\/post"}],"author":[{"embeddable":true,"href":"https:\/\/hostnetart.com.br\/baixada\/wp-json\/wp\/v2\/users\/2"}],"replies":[{"embeddable":true,"href":"https:\/\/hostnetart.com.br\/baixada\/wp-json\/wp\/v2\/comments?post=7598"}],"version-history":[{"count":0,"href":"https:\/\/hostnetart.com.br\/baixada\/wp-json\/wp\/v2\/posts\/7598\/revisions"}],"wp:featuredmedia":[{"embeddable":true,"href":"https:\/\/hostnetart.com.br\/baixada\/wp-json\/wp\/v2\/media\/7597"}],"wp:attachment":[{"href":"https:\/\/hostnetart.com.br\/baixada\/wp-json\/wp\/v2\/media?parent=7598"}],"wp:term":[{"taxonomy":"category","embeddable":true,"href":"https:\/\/hostnetart.com.br\/baixada\/wp-json\/wp\/v2\/categories?post=7598"},{"taxonomy":"post_tag","embeddable":true,"href":"https:\/\/hostnetart.com.br\/baixada\/wp-json\/wp\/v2\/tags?post=7598"}],"curies":[{"name":"wp","href":"https:\/\/api.w.org\/{rel}","templated":true}]}}