{"id":7596,"date":"2019-09-24T13:45:34","date_gmt":"2019-09-24T16:45:34","guid":{"rendered":"https:\/\/hostnetart.com.br\/baixada\/trabalhadores-vao-a-brasilia-protestar-contra-a-reforma-da-previdencia-nesta-quarta-25\/"},"modified":"2019-09-24T13:45:34","modified_gmt":"2019-09-24T16:45:34","slug":"trabalhadores-vao-a-brasilia-protestar-contra-a-reforma-da-previdencia-nesta-quarta-25","status":"publish","type":"post","link":"https:\/\/hostnetart.com.br\/baixada\/trabalhadores-vao-a-brasilia-protestar-contra-a-reforma-da-previdencia-nesta-quarta-25\/","title":{"rendered":"Trabalhadores v\u00e3o a Bras\u00edlia protestar contra a Reforma da Previd\u00eancia nesta quarta (25)"},"content":{"rendered":"<p>Os trabalhadores de diversas categorias e ligados a diversas centrais sindicais v\u00e3o a Bras\u00edlia, nesta quarta-feira (25), protestar contra a contra a Proposta de Emenda \u00e0 Constitui\u00e7\u00e3o (PEC) n\u00ba 06\/2019, da\u00a0<a href=\"https:\/\/contrafcut.com.br\/?s=reforma+da+previd%C3%AAncia\" target=\"_blank\" rel=\"noopener noreferrer\">reforma da Previd\u00eancia<\/a>,<a href=\"https:\/\/www.cut.org.br\/noticias\/reforma-senado-adia-votacao-para-quarta-25-ato-das-centrais-tambem-foi-adiado-3ece\" target=\"_blank\" rel=\"noopener noreferrer\">\u00a0que deve ser votada em primeiro turno no plen\u00e1rio do Senado, no mesmo dia.<\/a><\/p>\n<p>O relator da PEC na Casa, senador Tasso Jereissati (PSDB-CE), rejeitou as 77 emendas apresentadas pelos colegas da oposi\u00e7\u00e3o para que o texto, j\u00e1 aprovado em duas vota\u00e7\u00f5es na C\u00e2mara, n\u00e3o precise ser analisado e votado novamente pelos deputados.<\/p>\n<p>Jereissati fez apenas alguns ajustes sobre os temas mais pol\u00eamicos, como impedir que o valor da pens\u00e3o por morte inferior a um sal\u00e1rio m\u00ednimo (R$ 998). Ele tamb\u00e9m excluiu o artigo que colocava na Constitui\u00e7\u00e3o o crit\u00e9rio para receber o Benef\u00edcio de Presta\u00e7\u00e3o Continuada (BPC) pago a idosos e pessoas com defici\u00eancia em situa\u00e7\u00e3o de miserabilidade; e alterou a previs\u00e3o de uma regra mais ben\u00e9fica de aposentadoria para trabalhadores expostos a agentes nocivos, como mineiros.<\/p>\n<h3>Centrais sindicais<\/h3>\n<figure class=\"wp-block-image\"><img decoding=\"async\" class=\"lazyloaded\" src=\"https:\/\/www.cut.org.br\/images\/cache\/systemuploadsnews46813f2169bcc66a6e1-700x460xfit-3c173.jpg\" alt=\"notice\" data-lazy-src=\"https:\/\/www.cut.org.br\/images\/cache\/systemuploadsnews46813f2169bcc66a6e1-700x460xfit-3c173.jpg\" data-was-processed=\"true\" \/><\/figure>\n<p><a href=\"https:\/\/www.cut.org.br\/noticias\/cut-e-centrais-vao-a-brasilia-defender-aposentadoria-e-direitos-na-terca-dia-24-4681\" target=\"_blank\" rel=\"noopener noreferrer\">Em nota<\/a>, a CUT e demais centrais afirmam que ir\u00e3o pressionar os Senadores e dizer que s\u00e3o contra a concretiza\u00e7\u00e3o de mais um ataque ao Brasil e aos trabalhadores e trabalhadoras.<\/p>\n<p>No documento, as Centrais dizem que se a PEC 006\/19 for aprovada os brasileiros v\u00e3o trabalhar mais, receber menos e ainda ter\u00e3o dificuldade de acesso \u00e0 aposentadoria e \u00e0 Previd\u00eancia P\u00fablica, e contra essas injusti\u00e7as, convocam trabalhadores e sindicalistas para estarem na Tenda do Servidor, na Esplanada dos Minist\u00e9rios, a partir das 14h para pressionar os senadores.<\/p>\n<p>\u201cNa vis\u00e3o de seus defensores \u00e9 a classe trabalhadora que deve pagar a conta da crise econ\u00f4mica e a pol\u00edtica pela qual passa o pa\u00eds, enquanto a desigualdade social, a concentra\u00e7\u00e3o de renda e o desemprego s\u00f3 crescem junto com o lucro dos patr\u00f5es\u201d, diz trecho da nota da CUT e demais Centrais.<\/p>\n<h3>Fim da aposentadoria especial<\/h3>\n<p>Para o senador Paulo Paim (PT-RS), o<a href=\"https:\/\/www.cut.org.br\/noticias\/fim-da-aposentadoria-especial-e-maior-crime-da-reforma-da-previdencia-diz-paim-7f8e\" target=\"_blank\" rel=\"noopener noreferrer\">\u00a0maior crime do texto da Reforma da Previd\u00eancia \u00e9 o fim da aposentadoria especial<\/a>. \u201cVigilantes, guardas de tr\u00e2nsito, guardas municipais, eletricit\u00e1rios, quem trabalha com produtos qu\u00edmicos e explosivos\u2026 Retiram da Constitui\u00e7\u00e3o a palavra \u2018periculosidade\u2019. Ou seja, pro\u00edbem quem trabalha em \u00e1rea de alto risco, com essa supress\u00e3o, e deixam l\u00e1 depois, afirmando que \u00e9 proibido aposentadoria por periculosidade. Isso para mim \u00e9 o maior crime que essa reforma comete\u201d, disse.<\/p>\n<p>O texto da reforma da Previd\u00eancia estabelece regras mais brandas de aposentadoria para policiais federais, civis, agentes penitenci\u00e1rios e educativos. Al\u00e9m de policiais militares, e bombeiros. Ele retira do regime especial os guardas municipais, vigilantes e agentes de tr\u00e2nsito que passam a ficar sujeitos \u00e0s mesmas regras dos demais servidores, 62 anos para as mulheres e 65 para os homens, com 25 anos de contribui\u00e7\u00e3o.<\/p>\n<p><strong>Fonte:\u00a0Contraf-CUT<\/strong><\/p>\n","protected":false},"excerpt":{"rendered":"<p>Os trabalhadores de diversas categorias e ligados a diversas centrais sindicais v\u00e3o a Bras\u00edlia, nesta quarta-feira (25), protestar contra a contra a Proposta de Emenda \u00e0 Constitui\u00e7\u00e3o (PEC) n\u00ba 06\/2019, da\u00a0reforma da Previd\u00eancia,\u00a0que deve ser votada em primeiro turno no plen\u00e1rio do Senado, no mesmo dia. O relator da PEC na Casa, senador Tasso Jereissati [&hellip;]<\/p>\n","protected":false},"author":2,"featured_media":7595,"comment_status":"","ping_status":"","sticky":false,"template":"","format":"standard","meta":{"footnotes":""},"categories":[3],"tags":[],"class_list":["post-7596","post","type-post","status-publish","format-standard","has-post-thumbnail","hentry","category-noticias"],"_links":{"self":[{"href":"https:\/\/hostnetart.com.br\/baixada\/wp-json\/wp\/v2\/posts\/7596","targetHints":{"allow":["GET"]}}],"collection":[{"href":"https:\/\/hostnetart.com.br\/baixada\/wp-json\/wp\/v2\/posts"}],"about":[{"href":"https:\/\/hostnetart.com.br\/baixada\/wp-json\/wp\/v2\/types\/post"}],"author":[{"embeddable":true,"href":"https:\/\/hostnetart.com.br\/baixada\/wp-json\/wp\/v2\/users\/2"}],"replies":[{"embeddable":true,"href":"https:\/\/hostnetart.com.br\/baixada\/wp-json\/wp\/v2\/comments?post=7596"}],"version-history":[{"count":0,"href":"https:\/\/hostnetart.com.br\/baixada\/wp-json\/wp\/v2\/posts\/7596\/revisions"}],"wp:featuredmedia":[{"embeddable":true,"href":"https:\/\/hostnetart.com.br\/baixada\/wp-json\/wp\/v2\/media\/7595"}],"wp:attachment":[{"href":"https:\/\/hostnetart.com.br\/baixada\/wp-json\/wp\/v2\/media?parent=7596"}],"wp:term":[{"taxonomy":"category","embeddable":true,"href":"https:\/\/hostnetart.com.br\/baixada\/wp-json\/wp\/v2\/categories?post=7596"},{"taxonomy":"post_tag","embeddable":true,"href":"https:\/\/hostnetart.com.br\/baixada\/wp-json\/wp\/v2\/tags?post=7596"}],"curies":[{"name":"wp","href":"https:\/\/api.w.org\/{rel}","templated":true}]}}