{"id":7594,"date":"2019-09-24T13:42:48","date_gmt":"2019-09-24T16:42:48","guid":{"rendered":"https:\/\/hostnetart.com.br\/baixada\/alcolumbre-adia-votacao-da-reforma-da-previdencia-e-oposicao-ainda-tenta-mudancas\/"},"modified":"2019-09-24T13:42:48","modified_gmt":"2019-09-24T16:42:48","slug":"alcolumbre-adia-votacao-da-reforma-da-previdencia-e-oposicao-ainda-tenta-mudancas","status":"publish","type":"post","link":"https:\/\/hostnetart.com.br\/baixada\/alcolumbre-adia-votacao-da-reforma-da-previdencia-e-oposicao-ainda-tenta-mudancas\/","title":{"rendered":"Alcolumbre adia vota\u00e7\u00e3o da reforma da Previd\u00eancia e oposi\u00e7\u00e3o ainda tenta mudan\u00e7as"},"content":{"rendered":"<p>O presidente do Senado, Davi Alcolumbre (DEM-AP), adiou de ter\u00e7a (24) para quarta-feira (25) a vota\u00e7\u00e3o em\u00a0 primeiro turno da reforma da Previd\u00eancia no plen\u00e1rio da casa. A justificativa seria a sess\u00e3o do Congresso Nacional para votar o Projeto de Lei de Diretrizes Or\u00e7ament\u00e1rias (PLDO), \u00e0s 15h desta ter\u00e7a-feira. No mesmo dia, pela manh\u00e3, deve ocorrer a vota\u00e7\u00e3o do relat\u00f3rio do senador Tasso Jereissati (PSDB-CE) na Comiss\u00e3o de Constitui\u00e7\u00e3o e Justi\u00e7a (CCJ) do Senado, segundo a presidente do colegiado, Simone Tebet (MDB-MS).<\/p>\n<p>Com isso, a oposi\u00e7\u00e3o ganha mais um dia para tentar articular algumas mudan\u00e7as, o que n\u00e3o ser\u00e1 simples, de acordo com o senador Humberto Costa, l\u00edder do PT na casa. \u201cN\u00e3o \u00e9 um cen\u00e1rio f\u00e1cil, principalmente porque n\u00e3o tem muita mobiliza\u00e7\u00e3o social em torno do tema. Mas acredito que um ou dois pontos talvez a gente consiga tornar menos ruins\u201d, diz. Um deles \u00e9 a quest\u00e3o do abono salarial para quem ganha at\u00e9 dois sal\u00e1rios m\u00ednimos. Hoje, quem ganha at\u00e9 dois sal\u00e1rios m\u00ednimos tem direito ao abono. Pelo texto aprovado na C\u00e2mara, o valor \u00e9 reduzido a R$ 1.364,43.<\/p>\n<p>Outra quest\u00e3o que a aposi\u00e7\u00e3o quer retirar do texto, por meio de destaque supressivo, s\u00e3o as\u00a0<a href=\"https:\/\/www.redebrasilatual.com.br\/destaques\/2019\/09\/fim-da-aposentadoria-especial-e-o-maior-crime-da-reforma-da-previdencia-afirma-paim\/\" target=\"_blank\" rel=\"noopener noreferrer\">regras para aposentadorias especiais<\/a>\u00a0para pessoas que trabalham em condi\u00e7\u00f5es insalubres. \u201cHoje em dia existem aposentadorias especiais para esse tipo de trabalho que coloca a sa\u00fade em risco, como minas, radiologia, laborat\u00f3rios\u201d, diz o l\u00edder petista.<\/p>\n<p>Com o texto-base aprovado na C\u00e2mara, n\u00e3o vai mais haver isso, e sim uma idade m\u00ednima independentemente do risco. \u201cAchamos que podemos derrubar isso e manter como \u00e9 hoje.\u201d<\/p>\n<p>Se o Senado aprovar o texto base como est\u00e1, esses benefici\u00e1rios que t\u00eam direito \u00e0 aposentadoria especial deixar\u00e3o de ter o benef\u00edcio integral igual \u00e0 m\u00e9dia salarial.<\/p>\n<p>Na tribuna, o senador Paulo Paim (PT-RS) discursou, nesta segunda, pela retirada do dispositivo da proposta de emenda \u00e0 Constitui\u00e7\u00e3o conforme aprovada na C\u00e2mara. O parlamentar citou os 30 mil agentes de tr\u00e2nsito brasileiros que devem continuar sendo protegidos pela aposentadoria especial.<\/p>\n<p>\u201cSe colocarmos um, dois ou tr\u00eas dependentes na fam\u00edlia, chegaremos a mais de 100 mil pessoas que ser\u00e3o prejudicadas de forma direta, s\u00f3 nessa categoria dos profissionais de tr\u00e2nsito. Se pegarmos os vigilantes, s\u00e3o mais de 4 milh\u00f5es de pessoas no pa\u00eds. Calculemos tamb\u00e9m a\u00ed os guardas municipais, os eletricit\u00e1rios e quem trabalha em \u00e1reas consideradas de alto risco. Chegaremos rapidamente a mais de 20 milh\u00f5es de pessoas\u201d, afirmou Paim.<\/p>\n<p>O senador Tasso Jereissati (PSDB-CE) divulgou na quinta-feira (19) o relat\u00f3rio sobre as emendas apresentadas no plen\u00e1rio do Senado \u00e0 proposta.\u00a0 Jereissati acatou apenas uma das 77 emendas. Se o texto n\u00e3o for alterado, poder\u00e1 ser promulgado em seguida.<\/p>\n<hr \/>\n<p><em><strong>Fonte: Rede Brasil Atual &#8211; Com Ag\u00eancia Senado<\/strong><\/em><\/p>\n","protected":false},"excerpt":{"rendered":"<p>O presidente do Senado, Davi Alcolumbre (DEM-AP), adiou de ter\u00e7a (24) para quarta-feira (25) a vota\u00e7\u00e3o em\u00a0 primeiro turno da reforma da Previd\u00eancia no plen\u00e1rio da casa. A justificativa seria a sess\u00e3o do Congresso Nacional para votar o Projeto de Lei de Diretrizes Or\u00e7ament\u00e1rias (PLDO), \u00e0s 15h desta ter\u00e7a-feira. No mesmo dia, pela manh\u00e3, deve [&hellip;]<\/p>\n","protected":false},"author":2,"featured_media":7593,"comment_status":"","ping_status":"","sticky":false,"template":"","format":"standard","meta":{"footnotes":""},"categories":[3],"tags":[],"class_list":["post-7594","post","type-post","status-publish","format-standard","has-post-thumbnail","hentry","category-noticias"],"_links":{"self":[{"href":"https:\/\/hostnetart.com.br\/baixada\/wp-json\/wp\/v2\/posts\/7594","targetHints":{"allow":["GET"]}}],"collection":[{"href":"https:\/\/hostnetart.com.br\/baixada\/wp-json\/wp\/v2\/posts"}],"about":[{"href":"https:\/\/hostnetart.com.br\/baixada\/wp-json\/wp\/v2\/types\/post"}],"author":[{"embeddable":true,"href":"https:\/\/hostnetart.com.br\/baixada\/wp-json\/wp\/v2\/users\/2"}],"replies":[{"embeddable":true,"href":"https:\/\/hostnetart.com.br\/baixada\/wp-json\/wp\/v2\/comments?post=7594"}],"version-history":[{"count":0,"href":"https:\/\/hostnetart.com.br\/baixada\/wp-json\/wp\/v2\/posts\/7594\/revisions"}],"wp:featuredmedia":[{"embeddable":true,"href":"https:\/\/hostnetart.com.br\/baixada\/wp-json\/wp\/v2\/media\/7593"}],"wp:attachment":[{"href":"https:\/\/hostnetart.com.br\/baixada\/wp-json\/wp\/v2\/media?parent=7594"}],"wp:term":[{"taxonomy":"category","embeddable":true,"href":"https:\/\/hostnetart.com.br\/baixada\/wp-json\/wp\/v2\/categories?post=7594"},{"taxonomy":"post_tag","embeddable":true,"href":"https:\/\/hostnetart.com.br\/baixada\/wp-json\/wp\/v2\/tags?post=7594"}],"curies":[{"name":"wp","href":"https:\/\/api.w.org\/{rel}","templated":true}]}}