{"id":7586,"date":"2019-09-20T14:49:11","date_gmt":"2019-09-20T17:49:11","guid":{"rendered":"https:\/\/hostnetart.com.br\/baixada\/bancarios-vao-as-ruas-em-defesa-da-soberania-nacional-nesta-sexta-20\/"},"modified":"2019-09-20T14:49:11","modified_gmt":"2019-09-20T17:49:11","slug":"bancarios-vao-as-ruas-em-defesa-da-soberania-nacional-nesta-sexta-20","status":"publish","type":"post","link":"https:\/\/hostnetart.com.br\/baixada\/bancarios-vao-as-ruas-em-defesa-da-soberania-nacional-nesta-sexta-20\/","title":{"rendered":"Banc\u00e1rios v\u00e3o \u00e0s ruas em defesa da soberania nacional, nesta sexta (20)"},"content":{"rendered":"<p>A Confedera\u00e7\u00e3o Nacional dos Trabalhadores do Ramo Financeiro (Contraf-CUT) participa, nesta sexta-feira (20), do Dia Nacional de Luta contra a Reforma da Previd\u00eancia, em defesa do emprego, dos direitos sociais e trabalhistas, do clima e contra a destrui\u00e7\u00e3o do pa\u00eds. A mobiliza\u00e7\u00e3o \u00e9 convocada pela CUT e demais centrais sindicais, junto com as frentes Brasil Popular e Povo Sem Medo, e acontecer\u00e1 em todas as regi\u00f5es do pa\u00eds.<\/p>\n<p>A amea\u00e7a do governo Bolsonaro ao programa Minha Casa, Minha Vida, e \u00e0s empresas p\u00fablicas e bancos p\u00fablicos do pa\u00eds visa acabar com os empregos e com a economia das cidades onde est\u00e3o instaladas.<\/p>\n<p>Com a vota\u00e7\u00e3o da reforma no Senado marcada para a pr\u00f3xima ter\u00e7a-feira (24), o dia 20 ser\u00e1 dedicado para atividades, como: assembleias, reuni\u00f5es, plen\u00e1rias, reuni\u00f5es e encontros com as categorias para debater a reforma da Previd\u00eancia, os direitos trabalhistas no Brasil e tamb\u00e9m sobre o clima, o desmatamento e as quest\u00f5es ambientais.<\/p>\n<p><strong>Fonte: Contraf-CUT<\/strong><\/p>\n","protected":false},"excerpt":{"rendered":"<p>A Confedera\u00e7\u00e3o Nacional dos Trabalhadores do Ramo Financeiro (Contraf-CUT) participa, nesta sexta-feira (20), do Dia Nacional de Luta contra a Reforma da Previd\u00eancia, em defesa do emprego, dos direitos sociais e trabalhistas, do clima e contra a destrui\u00e7\u00e3o do pa\u00eds. A mobiliza\u00e7\u00e3o \u00e9 convocada pela CUT e demais centrais sindicais, junto com as frentes Brasil [&hellip;]<\/p>\n","protected":false},"author":2,"featured_media":7585,"comment_status":"","ping_status":"","sticky":false,"template":"","format":"standard","meta":{"footnotes":""},"categories":[3],"tags":[],"class_list":["post-7586","post","type-post","status-publish","format-standard","has-post-thumbnail","hentry","category-noticias"],"_links":{"self":[{"href":"https:\/\/hostnetart.com.br\/baixada\/wp-json\/wp\/v2\/posts\/7586","targetHints":{"allow":["GET"]}}],"collection":[{"href":"https:\/\/hostnetart.com.br\/baixada\/wp-json\/wp\/v2\/posts"}],"about":[{"href":"https:\/\/hostnetart.com.br\/baixada\/wp-json\/wp\/v2\/types\/post"}],"author":[{"embeddable":true,"href":"https:\/\/hostnetart.com.br\/baixada\/wp-json\/wp\/v2\/users\/2"}],"replies":[{"embeddable":true,"href":"https:\/\/hostnetart.com.br\/baixada\/wp-json\/wp\/v2\/comments?post=7586"}],"version-history":[{"count":0,"href":"https:\/\/hostnetart.com.br\/baixada\/wp-json\/wp\/v2\/posts\/7586\/revisions"}],"wp:featuredmedia":[{"embeddable":true,"href":"https:\/\/hostnetart.com.br\/baixada\/wp-json\/wp\/v2\/media\/7585"}],"wp:attachment":[{"href":"https:\/\/hostnetart.com.br\/baixada\/wp-json\/wp\/v2\/media?parent=7586"}],"wp:term":[{"taxonomy":"category","embeddable":true,"href":"https:\/\/hostnetart.com.br\/baixada\/wp-json\/wp\/v2\/categories?post=7586"},{"taxonomy":"post_tag","embeddable":true,"href":"https:\/\/hostnetart.com.br\/baixada\/wp-json\/wp\/v2\/tags?post=7586"}],"curies":[{"name":"wp","href":"https:\/\/api.w.org\/{rel}","templated":true}]}}