{"id":7582,"date":"2019-09-19T15:02:46","date_gmt":"2019-09-19T18:02:46","guid":{"rendered":"https:\/\/hostnetart.com.br\/baixada\/reforma-tributaria-tem-que-ser-solidaria-e-progressiva-defende-fenafisco\/"},"modified":"2019-09-19T15:02:46","modified_gmt":"2019-09-19T18:02:46","slug":"reforma-tributaria-tem-que-ser-solidaria-e-progressiva-defende-fenafisco","status":"publish","type":"post","link":"https:\/\/hostnetart.com.br\/baixada\/reforma-tributaria-tem-que-ser-solidaria-e-progressiva-defende-fenafisco\/","title":{"rendered":"Reforma tribut\u00e1ria tem que ser solid\u00e1ria e progressiva, defende Fenafisco"},"content":{"rendered":"<p>Levantamento divulgado pelo\u00a0Instituto de Pesquisa Econ\u00f4mica Aplicada (Ipea) mostra que a desigualdade aumentou no Brasil. Enquanto a renda das fam\u00edlias mais pobres recuou em 1,4% no segundo trimestre, o segmento mais rico registrou alta salarial de 1,5%, em rela\u00e7\u00e3o a igual per\u00edodo do ano passado. O <a href=\"https:\/\/www.redebrasilatual.com.br\/economia\/2017\/09\/sistema-tributario-injusto-estimula-a-desigualdade-social-do-brasil\/\" target=\"_blank\" rel=\"noopener noreferrer\">sistema tribut\u00e1rio<\/a>\u00a0n\u00e3o apenas n\u00e3o corrige como refor\u00e7a ainda mais essa estrutura desigual. No Congresso, dois projetos de reforma est\u00e3o tramita\u00e7\u00e3o.<\/p>\n<p>Segundo o\u00a0presidente da Federa\u00e7\u00e3o Nacional do Fisco Estadual e Distrital (Fenafisco),\u00a0Charles Alc\u00e2ntara, em ambas as propostas prevalece a l\u00f3gica da \u201cmera simplifica\u00e7\u00e3o\u201d. \u201cA simplifica\u00e7\u00e3o n\u00e3o pode ser a \u00fanica e exclusiva preocupa\u00e7\u00e3o, como vem sendo o foco da discuss\u00e3o tribut\u00e1ria no Brasil. \u00c9 necess\u00e1ria, mas absolutamente insuficiente, passando ao largo dessa quest\u00e3o da desigualdade. O problema maior n\u00e3o \u00e9 a complexidade, mas a injusti\u00e7a. \u201c, afirma em entrevista aos jornalistas Marilu Caba\u00f1as e Glauco Faria, para o <a href=\"https:\/\/www.youtube.com\/watch?v=bEzZPpDfWRE\" target=\"_blank\" rel=\"noopener noreferrer\"><em>Jornal Brasil Atual<\/em><\/a>, nesta quinta-feira (19).<\/p>\n<p>\u201cO que o pa\u00eds precisa, de verdade, mais que uma simplifica\u00e7\u00e3o, \u00e9 de um sistema tribut\u00e1rio justo. Temos um sistema que cobra mais de quem pode menos. Pobres e classe m\u00e9dia pagam muito mais impostos que os ricos, proporcionalmente. O Brasil \u00e9 um para\u00edso fiscal dos ricos\u201d, destaca Alc\u00e2ntara.<\/p>\n<p>Como alternativa, a Fenafisco, junto com\u00a0 outras entidades como a\u00a0Associa\u00e7\u00e3o Nacional dos Auditores Fiscais da Receita Federal (Anfip) e a Associa\u00e7\u00e3o dos Economistas pela Democracia (Abed), prop\u00f5em uma reforma solid\u00e1ria, em favor de um sistema mais progressivo, que cobre mais tributos dos que podem pagar mais. A proposta tamb\u00e9m conta com o apoio do <a href=\"https:\/\/www.redebrasilatual.com.br\/politica\/2019\/08\/criacao-do-consorcio-nordeste-reafirma-o-papel-civilizatorio-da-regiao-no-combate-as-trevas\/\" target=\"_blank\" rel=\"noopener noreferrer\">Cons\u00f3rcio Nordeste<\/a>, que re\u00fane os governadores dos nove estados da regi\u00e3o.<\/p>\n<p>Al\u00e9m da progressividade, a reforma solid\u00e1ria tamb\u00e9m defende uma mudan\u00e7a estrutural na cobran\u00e7a de impostos. O presidente da Fenafisco explica que, no Brasil, a carga tribut\u00e1ria recai mais sobre o consumo, e menos sobre a <a href=\"https:\/\/www.redebrasilatual.com.br\/destaques\/2019\/06\/as-razoes-da-desigualdade-de-renda-do-trabalho-sao-politicas-e-nao-educacionais\/\" target=\"_blank\" rel=\"noopener noreferrer\">renda<\/a> e o patrim\u00f4nio, na contram\u00e3o do que ocorre nos pa\u00edses desenvolvidos.<\/p>\n<p>Segundo ele, se adot\u00e1ssemos uma al\u00edquota de imposto de 40% para rendas superiores a 60 sal\u00e1rios m\u00ednimos por m\u00eas, que \u00e9 a m\u00e9dia adotada pelos pa\u00edses da\u00a0Organiza\u00e7\u00e3o para a Coopera\u00e7\u00e3o e Desenvolvimento Econ\u00f4mico (OCDE), resultaria em arrecada\u00e7\u00e3o estimada de R$ 157 bilh\u00f5es por ano. \u201cEstamos falando em cobrar um pouco mais de impostos de cerca de 750 mil pessoas no Brasil. N\u00e3o atinge 0,5% do total da popula\u00e7\u00e3o. Em vez disso, o governo fala em congelar o sal\u00e1rio m\u00ednimo. Isso n\u00e3o \u00e9 aceit\u00e1vel e deveria causar uma grande revolta na sociedade brasileira.\u201d<\/p>\n<p><strong>Fonte: Rede Brasil Atual<\/strong><\/p>\n","protected":false},"excerpt":{"rendered":"<p>Levantamento divulgado pelo\u00a0Instituto de Pesquisa Econ\u00f4mica Aplicada (Ipea) mostra que a desigualdade aumentou no Brasil. Enquanto a renda das fam\u00edlias mais pobres recuou em 1,4% no segundo trimestre, o segmento mais rico registrou alta salarial de 1,5%, em rela\u00e7\u00e3o a igual per\u00edodo do ano passado. O sistema tribut\u00e1rio\u00a0n\u00e3o apenas n\u00e3o corrige como refor\u00e7a ainda mais [&hellip;]<\/p>\n","protected":false},"author":2,"featured_media":7581,"comment_status":"","ping_status":"","sticky":false,"template":"","format":"standard","meta":{"footnotes":""},"categories":[3],"tags":[],"class_list":["post-7582","post","type-post","status-publish","format-standard","has-post-thumbnail","hentry","category-noticias"],"_links":{"self":[{"href":"https:\/\/hostnetart.com.br\/baixada\/wp-json\/wp\/v2\/posts\/7582","targetHints":{"allow":["GET"]}}],"collection":[{"href":"https:\/\/hostnetart.com.br\/baixada\/wp-json\/wp\/v2\/posts"}],"about":[{"href":"https:\/\/hostnetart.com.br\/baixada\/wp-json\/wp\/v2\/types\/post"}],"author":[{"embeddable":true,"href":"https:\/\/hostnetart.com.br\/baixada\/wp-json\/wp\/v2\/users\/2"}],"replies":[{"embeddable":true,"href":"https:\/\/hostnetart.com.br\/baixada\/wp-json\/wp\/v2\/comments?post=7582"}],"version-history":[{"count":0,"href":"https:\/\/hostnetart.com.br\/baixada\/wp-json\/wp\/v2\/posts\/7582\/revisions"}],"wp:featuredmedia":[{"embeddable":true,"href":"https:\/\/hostnetart.com.br\/baixada\/wp-json\/wp\/v2\/media\/7581"}],"wp:attachment":[{"href":"https:\/\/hostnetart.com.br\/baixada\/wp-json\/wp\/v2\/media?parent=7582"}],"wp:term":[{"taxonomy":"category","embeddable":true,"href":"https:\/\/hostnetart.com.br\/baixada\/wp-json\/wp\/v2\/categories?post=7582"},{"taxonomy":"post_tag","embeddable":true,"href":"https:\/\/hostnetart.com.br\/baixada\/wp-json\/wp\/v2\/tags?post=7582"}],"curies":[{"name":"wp","href":"https:\/\/api.w.org\/{rel}","templated":true}]}}