{"id":7577,"date":"2019-09-19T14:55:56","date_gmt":"2019-09-19T17:55:56","guid":{"rendered":"https:\/\/hostnetart.com.br\/baixada\/contraf-cut-cobra-mesa-de-negociacao-sobre-a-cassi\/"},"modified":"2019-09-19T14:55:56","modified_gmt":"2019-09-19T17:55:56","slug":"contraf-cut-cobra-mesa-de-negociacao-sobre-a-cassi","status":"publish","type":"post","link":"https:\/\/hostnetart.com.br\/baixada\/contraf-cut-cobra-mesa-de-negociacao-sobre-a-cassi\/","title":{"rendered":"Contraf-CUT cobra mesa de negocia\u00e7\u00e3o sobre a Cassi"},"content":{"rendered":"<div class=\"elementor-element elementor-element-194680ec elementor-widget elementor-widget-theme-post-content\" data-id=\"194680ec\" data-element_type=\"widget\" data-widget_type=\"theme-post-content.default\">\n<div class=\"elementor-widget-container\">\n<p>A Confedera\u00e7\u00e3o Nacional dos Trabalhadores do Ramo Financeiro (Contraf-CUT) cobrou, nesta ter\u00e7a-feira (18), que o Banco do Brasil reabra as negocia\u00e7\u00f5es sobre a Caixa de Assist\u00eancia dos Funcion\u00e1rios do banco (Cassi). A cobran\u00e7a ocorreu durante reuni\u00e3o para apresenta\u00e7\u00e3o do novo coordenador da Comiss\u00e3o de Empresa dos Funcion\u00e1rios (CEBB), Jo\u00e3o Fukunaga, ao vice-presidente de Gest\u00e3o de Pessoas, Suprimentos e Opera\u00e7\u00f5es do BB, Ant\u00f4nio Gustavo Matos do Vale, e com o diretor da Diretoria de Pessoas (Dipes), Jos\u00e9 Avelar Matias Lopes.<\/p>\n<p>\u201cTemos um hist\u00f3rico de negocia\u00e7\u00e3o que \u00e9 reconhecido pelo pr\u00f3prio banco. N\u00e3o podemos jogar tudo isso fora e deixarmos um terceiro decidir sobre uma coisa caberia aos associados e ao banco decidir. Queremos a reabertura das negocia\u00e7\u00f5es para que essa decis\u00e3o seja de quem est\u00e1 envolvido no processo\u201d, disse a presidenta da Contraf-CUT, Juvandia Moreira, se referindo \u00e0 <a href=\"https:\/\/contrafcut.com.br\/noticias\/contraf-cut-cobra-reuniao-para-esclarecimentos-da-intervencao-da-ans-na-cassi\/\" target=\"_blank\" rel=\"noopener noreferrer\">interven\u00e7\u00e3o<\/a> na Cassi pela Agencia Nacional de Sa\u00fade Suplementar (ANS).<\/p>\n<h3><strong>Sem negocia\u00e7\u00e3o, todos perdem<\/strong><\/h3>\n<p>\u201c<a href=\"https:\/\/contrafcut.com.br\/publicacoes\/o-espelho-set-2019\/\" target=\"_blank\" rel=\"noopener noreferrer\">A Cassi \u00e9 muito mais do que um plano de sa\u00fade<\/a>. Sua pol\u00edtica de atua\u00e7\u00e3o preventiva reduz os custos com tratamentos e tamb\u00e9m os afastamentos de funcion\u00e1rios\u201d, observou Fukunaga. \u201cSe o banco n\u00e3o reabrir as negocia\u00e7\u00f5es, a carteira de associados pode parar nas m\u00e3os do mercado privado, que n\u00e3o oferece este e outros servi\u00e7os hoje oferecidos pela Cassi. Os funcion\u00e1rios ser\u00e3o prejudicados, mas o banco tamb\u00e9m ser\u00e1\u201d, completou Fukunaga.<\/p>\n<p>A Contraf-CUT encaminhou um <a href=\"https:\/\/contrafcut.com.br\/of-15719-solicitacao-de-esclarecimentos-ao-bb-dipes-sobre-cassi\/\" target=\"_blank\" rel=\"noopener noreferrer\">of\u00edcio ao banco<\/a> solicitando esclarecimentos sobre a <a href=\"https:\/\/contrafcut.com.br\/noticias\/cassi-bb-ameaca-que-so-negocia-segundo-parametros-da-ans\/\" target=\"_blank\" rel=\"noopener noreferrer\">resposta dada pelo banco<\/a> ao pedido de <a href=\"https:\/\/contrafcut.com.br\/noticias\/entidades-pedem-maior-prazo-para-negociacoes-da-cassi\/\" target=\"_blank\" rel=\"noopener noreferrer\">prorroga\u00e7\u00e3o do Memorando de Entendimentos<\/a>, firmado em 2016 e com validade at\u00e9 dezembro de 2019. O memorando garante o aporte extraordin\u00e1rio de cerca de R$ 500 milh\u00f5es por ano ao Plano Associados da Cassi, sendo 60% deste valor de responsabilidade do banco e outros 40% de responsabilidade dos associados.<\/p>\n<p>Em resposta enviada \u00e0 Contraf-CUT e demais entidades de representa\u00e7\u00e3o dos funcion\u00e1rios no dia 10 de setembro, o BB negou a prorroga\u00e7\u00e3o do aporte extraordin\u00e1rio \u00e0 Cassi e ainda disse que mesmo os recursos previstos na <a href=\"https:\/\/www.cassi.com.br\/propostacassi\/index.htm\" target=\"_blank\" rel=\"noopener noreferrer\">proposta<\/a> para sustentabilidade da Cassi <a href=\"https:\/\/contrafcut.com.br\/noticias\/proposta-para-a-cassi-nao-e-aprovada-mesmo-com-maioria-de-votos-a-favor\/\" target=\"_blank\" rel=\"noopener noreferrer\">recusada em consulta aos associados<\/a>, podem n\u00e3o estar mais dispon\u00edveis. Segundo o banco, as conversa\u00e7\u00f5es s\u00e3o limitadas por premissas anteriores.<\/p>\n<p>No of\u00edcio a Contraf-CUT questiona quais s\u00e3o os limites e as premissas citadas na resposta do banco e se este aceitar\u00e1, ou n\u00e3o, a reabertura de negocia\u00e7\u00f5es solicitada pela Contraf-CUT e demais entidades que comp\u00f5em a mesa de negocia\u00e7\u00f5es com a Cassi.<\/p>\n<p><strong> Fonte: Contraf-CUT<\/strong><\/p>\n<\/div>\n<\/div>\n","protected":false},"excerpt":{"rendered":"<p>A Confedera\u00e7\u00e3o Nacional dos Trabalhadores do Ramo Financeiro (Contraf-CUT) cobrou, nesta ter\u00e7a-feira (18), que o Banco do Brasil reabra as negocia\u00e7\u00f5es sobre a Caixa de Assist\u00eancia dos Funcion\u00e1rios do banco (Cassi). A cobran\u00e7a ocorreu durante reuni\u00e3o para apresenta\u00e7\u00e3o do novo coordenador da Comiss\u00e3o de Empresa dos Funcion\u00e1rios (CEBB), Jo\u00e3o Fukunaga, ao vice-presidente de Gest\u00e3o de [&hellip;]<\/p>\n","protected":false},"author":2,"featured_media":7576,"comment_status":"","ping_status":"","sticky":false,"template":"","format":"standard","meta":{"footnotes":""},"categories":[3],"tags":[],"class_list":["post-7577","post","type-post","status-publish","format-standard","has-post-thumbnail","hentry","category-noticias"],"_links":{"self":[{"href":"https:\/\/hostnetart.com.br\/baixada\/wp-json\/wp\/v2\/posts\/7577","targetHints":{"allow":["GET"]}}],"collection":[{"href":"https:\/\/hostnetart.com.br\/baixada\/wp-json\/wp\/v2\/posts"}],"about":[{"href":"https:\/\/hostnetart.com.br\/baixada\/wp-json\/wp\/v2\/types\/post"}],"author":[{"embeddable":true,"href":"https:\/\/hostnetart.com.br\/baixada\/wp-json\/wp\/v2\/users\/2"}],"replies":[{"embeddable":true,"href":"https:\/\/hostnetart.com.br\/baixada\/wp-json\/wp\/v2\/comments?post=7577"}],"version-history":[{"count":0,"href":"https:\/\/hostnetart.com.br\/baixada\/wp-json\/wp\/v2\/posts\/7577\/revisions"}],"wp:featuredmedia":[{"embeddable":true,"href":"https:\/\/hostnetart.com.br\/baixada\/wp-json\/wp\/v2\/media\/7576"}],"wp:attachment":[{"href":"https:\/\/hostnetart.com.br\/baixada\/wp-json\/wp\/v2\/media?parent=7577"}],"wp:term":[{"taxonomy":"category","embeddable":true,"href":"https:\/\/hostnetart.com.br\/baixada\/wp-json\/wp\/v2\/categories?post=7577"},{"taxonomy":"post_tag","embeddable":true,"href":"https:\/\/hostnetart.com.br\/baixada\/wp-json\/wp\/v2\/tags?post=7577"}],"curies":[{"name":"wp","href":"https:\/\/api.w.org\/{rel}","templated":true}]}}