{"id":7575,"date":"2019-09-18T17:13:32","date_gmt":"2019-09-18T20:13:32","guid":{"rendered":"https:\/\/hostnetart.com.br\/baixada\/contraf-cut-recebe-comitiva-de-sindicalistas-angolanos\/"},"modified":"2019-09-18T17:13:32","modified_gmt":"2019-09-18T20:13:32","slug":"contraf-cut-recebe-comitiva-de-sindicalistas-angolanos","status":"publish","type":"post","link":"https:\/\/hostnetart.com.br\/baixada\/contraf-cut-recebe-comitiva-de-sindicalistas-angolanos\/","title":{"rendered":"Contraf-CUT recebe comitiva de sindicalistas Angolanos"},"content":{"rendered":"<p>A Confedera\u00e7\u00e3o Nacional dos Trabalhadores do Ramo Financeiro (Contraf-CUT) recebeu uma visita de dirigentes do Sindicato Nacional dos Empregados Banc\u00e1rios da Angola (SNEBA) para apresentar a estrutura sindical brasileira.<\/p>\n<p>A rela\u00e7\u00e3o come\u00e7ou entre 31 de maio 1 de junho, quando representantes da Contraf-CUT participaram do 2\u00ba Congresso do Sneba, que elegeu a nova diretoria e Felipe Makengo como presidente. A Angola \u00e9 parceira da Contraf-CUT na Rede de Sindicatos do Ramo financeiro da comunidade de pa\u00edses de l\u00edngua portuguesa (CPLP), da Uni Global UNi.<\/p>\n<p>Durante o evento de Angola, foi realizado uma reuni\u00e3o com os outros sindicatos da CPLP, como Mo\u00e7ambique, Cabo Verde e o Sindicato do Norte de Portugal. Nesta oportunidade, os angolanos apresentaram a necessidade de um curso de forma\u00e7\u00e3o e de um intercambio para conhecer os movimentos sindicais pelo mundo.<\/p>\n<p>Em junho, um formador sindical brasileiro passou duas semanas em Angola, dando cursos em duas regi\u00f5es diferentes do pa\u00eds.<\/p>\n<p>Foi ent\u00e3o que a visita foi marcada para setembro. \u201cO sindicalismo de angola tem 26 anos, \u00e9 muito novo e eles t\u00eam muito a aprender com nossa organiza\u00e7\u00e3o sindical, que tem quase 100 anos de hist\u00f3ria\u201d, afirmou Roberto von der Osten, secret\u00e1rio de Rela\u00e7\u00f5es Internacionais da Contraf-CUT, que foi o anfitri\u00e3o da visita.<\/p>\n<h3>Programa\u00e7\u00e3o<\/h3>\n<p>A delega\u00e7\u00e3o angolana come\u00e7ou a sua visita, nos dias 4 e 5 de setembro, pelo curso \u201cOIT e Sindicalismo Internacional\u201d, na escola de Ci\u00eancias do Trabalho do Dieese.<\/p>\n<figure class=\"wp-block-image\"><img decoding=\"async\" class=\"wp-image-274429 lazyloaded\" src=\"https:\/\/contrafcut.com.br\/wp-content\/uploads\/2019\/09\/whatsapp-image-2019-09-13-at-15-50-10-2.jpeg?x68908\" sizes=\"(max-width: 1024px) 100vw, 1024px\" srcset=\"https:\/\/contrafcut.com.br\/wp-content\/uploads\/2019\/09\/whatsapp-image-2019-09-13-at-15-50-10-2.jpeg 1024w, https:\/\/contrafcut.com.br\/wp-content\/uploads\/2019\/09\/whatsapp-image-2019-09-13-at-15-50-10-2-307x230.jpeg 307w, https:\/\/contrafcut.com.br\/wp-content\/uploads\/2019\/09\/whatsapp-image-2019-09-13-at-15-50-10-2-768x576.jpeg 768w\" alt=\"\" data-lazy-srcset=\"https:\/\/contrafcut.com.br\/wp-content\/uploads\/2019\/09\/whatsapp-image-2019-09-13-at-15-50-10-2.jpeg 1024w, https:\/\/contrafcut.com.br\/wp-content\/uploads\/2019\/09\/whatsapp-image-2019-09-13-at-15-50-10-2-307x230.jpeg 307w, https:\/\/contrafcut.com.br\/wp-content\/uploads\/2019\/09\/whatsapp-image-2019-09-13-at-15-50-10-2-768x576.jpeg 768w\" data-lazy-sizes=\"(max-width: 1024px) 100vw, 1024px\" data-lazy-src=\"https:\/\/contrafcut.com.br\/wp-content\/uploads\/2019\/09\/whatsapp-image-2019-09-13-at-15-50-10-2.jpeg?x68908\" data-was-processed=\"true\" \/><\/figure>\n<p>No dia 6, eles fizeram uma visita \u00e0 Contraf-CUT, quando foi explicado a estrutura sindical no Brasil, como funciona o Comando Nacional dos Banc\u00e1rios e a estrutura de negocia\u00e7\u00e3o com os bancos. Foi passado tamb\u00e9m como s\u00e3o as negocia\u00e7\u00f5es por banco e como as conquistas, naquele banco, podem ser ampliadas para os outros bancos e at\u00e9 chegar na Conven\u00e7\u00e3o Coletiva de Trabalho (CCT).<\/p>\n<p>No dia 9, os angolanos visitaram o sindicato dos trabalhadores no Banco Central, realizaram uma reuni\u00e3o com a presidenta da Uni Finan\u00e7as, Rita Berlofa, e com a vice-presidenta da Uni Juventude, Lucimara Malaquias. Eles terminaram o dia com uma visita \u00e0 Central \u00fanica dos Trabalhadores (CUT).<\/p>\n<p>No dia 10, participaram da reuni\u00e3o da dire\u00e7\u00e3o executiva da Contraf-CUT e foram conhecer o Sindicato dos banc\u00e1rios de S\u00e3o Paulo, para conhecer o funcionamento de um sindicato de base.<\/p>\n<p>Na quarta-feira (11), participaram da reuni\u00e3o preparat\u00f3ria do Comando Nacional, para o encontro com a Fenaban.<\/p>\n<p>Segundo Felipe Makengo II, presidente do SNEBA, os sindicalistas viveram uma rica experi\u00eancia no Brasil. Eles reconhecem o grande grau de desenvolvimento e a grande combatividade do sindicalista brasileiro e querem estreitar essa rela\u00e7\u00e3o, que representa a solidariedade que os trabalhadores t\u00eam que ter em todo mundo.<\/p>\n<p>Agora, os angolanos ter\u00e3o outras duas semanas de forma\u00e7\u00e3o, em duas novas regi\u00f5es do pa\u00eds. Eles disseram que a forma\u00e7\u00e3o \u00e9 uma quest\u00e3o estrat\u00e9gica para eles, pois querem chegar no n\u00edvel do sindicalismo banc\u00e1rio brasileiro.<\/p>\n<p>Ficou combinado ainda, que em maio de 2020 ser\u00e1 realizado o terceiro encontro da rede dos sindicatos dos pa\u00edses de l\u00edngua portuguesa, em Cabo Verde. L\u00e1 ser\u00e1 feito um grande debate sobre digitaliza\u00e7\u00e3o e tecnologia. Al\u00e9m de Felipe, integraram a comitiva Alberto Sangulo, secretario de Estudos Laborais do sindicato, Lut\u00e9rio Sebasti\u00e3o, advogado do sindicato, Pavelucho Irm\u00e3o, secret\u00e1rio de estudos socioecon\u00f4micos da entidade e Rui Guimar\u00e3es, secret\u00e1rio de imprensa.<\/p>\n<p><strong>Fonte: Contraf-CUT<\/strong><\/p>\n","protected":false},"excerpt":{"rendered":"<p>A Confedera\u00e7\u00e3o Nacional dos Trabalhadores do Ramo Financeiro (Contraf-CUT) recebeu uma visita de dirigentes do Sindicato Nacional dos Empregados Banc\u00e1rios da Angola (SNEBA) para apresentar a estrutura sindical brasileira. A rela\u00e7\u00e3o come\u00e7ou entre 31 de maio 1 de junho, quando representantes da Contraf-CUT participaram do 2\u00ba Congresso do Sneba, que elegeu a nova diretoria e [&hellip;]<\/p>\n","protected":false},"author":2,"featured_media":7574,"comment_status":"","ping_status":"","sticky":false,"template":"","format":"standard","meta":{"footnotes":""},"categories":[3],"tags":[],"class_list":["post-7575","post","type-post","status-publish","format-standard","has-post-thumbnail","hentry","category-noticias"],"_links":{"self":[{"href":"https:\/\/hostnetart.com.br\/baixada\/wp-json\/wp\/v2\/posts\/7575","targetHints":{"allow":["GET"]}}],"collection":[{"href":"https:\/\/hostnetart.com.br\/baixada\/wp-json\/wp\/v2\/posts"}],"about":[{"href":"https:\/\/hostnetart.com.br\/baixada\/wp-json\/wp\/v2\/types\/post"}],"author":[{"embeddable":true,"href":"https:\/\/hostnetart.com.br\/baixada\/wp-json\/wp\/v2\/users\/2"}],"replies":[{"embeddable":true,"href":"https:\/\/hostnetart.com.br\/baixada\/wp-json\/wp\/v2\/comments?post=7575"}],"version-history":[{"count":0,"href":"https:\/\/hostnetart.com.br\/baixada\/wp-json\/wp\/v2\/posts\/7575\/revisions"}],"wp:featuredmedia":[{"embeddable":true,"href":"https:\/\/hostnetart.com.br\/baixada\/wp-json\/wp\/v2\/media\/7574"}],"wp:attachment":[{"href":"https:\/\/hostnetart.com.br\/baixada\/wp-json\/wp\/v2\/media?parent=7575"}],"wp:term":[{"taxonomy":"category","embeddable":true,"href":"https:\/\/hostnetart.com.br\/baixada\/wp-json\/wp\/v2\/categories?post=7575"},{"taxonomy":"post_tag","embeddable":true,"href":"https:\/\/hostnetart.com.br\/baixada\/wp-json\/wp\/v2\/tags?post=7575"}],"curies":[{"name":"wp","href":"https:\/\/api.w.org\/{rel}","templated":true}]}}