{"id":7567,"date":"2019-09-17T17:21:44","date_gmt":"2019-09-17T20:21:44","guid":{"rendered":"https:\/\/hostnetart.com.br\/baixada\/banco-do-brasil-quer-vetar-uso-de-short-e-saia-curta\/"},"modified":"2019-09-17T17:21:44","modified_gmt":"2019-09-17T20:21:44","slug":"banco-do-brasil-quer-vetar-uso-de-short-e-saia-curta","status":"publish","type":"post","link":"https:\/\/hostnetart.com.br\/baixada\/banco-do-brasil-quer-vetar-uso-de-short-e-saia-curta\/","title":{"rendered":"Banco do Brasil quer vetar uso de short e saia curta"},"content":{"rendered":"<p>O Banco do Brasil quer proibir seus funcion\u00e1rios e funcion\u00e1rias de usarem \u201cshort, saia curta e chinelo\u201d durantes as provas do 25\u00ba \u201cprograma de certifica\u00e7\u00e3o de conhecimentos\u201d, que acontecer\u00e3o entre 30 de setembro e 29 de novembro, segundo nota veiculada pelo colunista Lauro Jardim, do jornal O Globo.<\/p>\n<p>\u201cInfelizmente censurar e constranger as mulheres tem sido rotina nessa nova gest\u00e3o indicada por Bolsonaro para o banco e no pa\u00eds. As banc\u00e1rias n\u00e3o s\u00e3o propriedade do banco, elas devem usar o que quiserem, s\u00e3o donas do seu corpo e da sua hist\u00f3ria\u201d, criticou a secret\u00e1ria da Juventude da Confedera\u00e7\u00e3o Nacional dos Trabalhadores do Ramo Financeiro (Contraf-CUT), Fernanda Lopes, que \u00e9 funcion\u00e1ria do banco e faz parte da Comiss\u00e3o de Empresa dos Funcion\u00e1rios do Banco do Brasil (CEBB).<\/p>\n<h3><strong>Onda conservadora<\/strong><\/h3>\n<p>Essa n\u00e3o \u00e9 a primeira vez que o Banco do Brasil se v\u00ea envolto na onda conservadora que atinge o pa\u00eds. O atual presidente do banco, Rubem Novaes, costuma fazer\u00a0<a href=\"https:\/\/spbancarios.com.br\/01\/2019\/declaracoes-machistas-de-novo-presidente-do-bb-preocupam-bancarias\" target=\"_blank\" rel=\"noopener noreferrer\">postagens com teor machista, sexista e mis\u00f3gino<\/a>\u00a0em suas redes sociais.<\/p>\n<p>Em abril, o presidente Jair Bolsonaro (PSL)\u00a0<a href=\"https:\/\/contrafcut.com.br\/noticias\/bolsonaro-veta-campanha-publicitaria-do-banco-do-brasil\/\" target=\"_blank\" rel=\"noopener noreferrer\">censurou uma campanha publicit\u00e1ria do banco<\/a>\u00a0direcionada aos jovens. O epis\u00f3dio resultou na demiss\u00e3o do diretor de Comunica\u00e7\u00e3o e Marketing do banco, Delano Valentim.<\/p>\n<p>Representada por atores negros, brancos e transexual, a pe\u00e7a publicit\u00e1ria enaltecia a diversidade racial e sexual do pa\u00eds, mas foi veiculada durante menos de duas semanas antes de ser censurada pelo presidente.<\/p>\n<p>Outro epis\u00f3dio de censura ocorreu em agosto, quando o Banco do Brasil divulgou o\u00a0<a href=\"https:\/\/www.bb.com.br\/pbb\/pagina-inicial\/bb-dtvm\/edital-selecao-publica-investimento\" target=\"_blank\" rel=\"noopener noreferrer\">edital<\/a>\u00a0para sele\u00e7\u00e3o de obras de longa-metragem a serem financiadas pelo BB DTVM, via Lei do Audiovisual. O formul\u00e1rio para inscri\u00e7\u00e3o das produ\u00e7\u00f5es, reproduzido em\u00a0<a href=\"https:\/\/entretenimento.uol.com.br\/noticias\/redacao\/2019\/08\/13\/edital-audiovisual-bb-pergunta-nudez.htm\" target=\"_blank\" rel=\"noopener noreferrer\">mat\u00e9ria publicada pelo site Uol<\/a>, questionava textualmente se a obra teria cunho pol\u00edtico ou religioso; refer\u00eancia a crimes e prostitui\u00e7\u00e3o; ou, ainda, cenas de nudez.<\/p>\n<p>\u201cO Banco deveria estar preocupado em garantir melhores condi\u00e7\u00f5es de trabalhado para as funcion\u00e1rias e funcion\u00e1rios. Esse tipo de censura colabora apenas com o machismo e com o constrangimento das trabalhadoras. Mais uma vez o BB envergonha as mulheres\u201d, afirma Fernanda, lembrando que o banco sempre se destacou em pol\u00edticas de g\u00eaneros, inclusive com programas premiados pela ONU.<\/p>\n<p><strong>Fonte:<\/strong>\u00a0<strong>Contraf-CUT<\/strong><\/p>\n","protected":false},"excerpt":{"rendered":"<p>O Banco do Brasil quer proibir seus funcion\u00e1rios e funcion\u00e1rias de usarem \u201cshort, saia curta e chinelo\u201d durantes as provas do 25\u00ba \u201cprograma de certifica\u00e7\u00e3o de conhecimentos\u201d, que acontecer\u00e3o entre 30 de setembro e 29 de novembro, segundo nota veiculada pelo colunista Lauro Jardim, do jornal O Globo. \u201cInfelizmente censurar e constranger as mulheres tem [&hellip;]<\/p>\n","protected":false},"author":2,"featured_media":7566,"comment_status":"","ping_status":"","sticky":false,"template":"","format":"standard","meta":{"footnotes":""},"categories":[3],"tags":[],"class_list":["post-7567","post","type-post","status-publish","format-standard","has-post-thumbnail","hentry","category-noticias"],"_links":{"self":[{"href":"https:\/\/hostnetart.com.br\/baixada\/wp-json\/wp\/v2\/posts\/7567","targetHints":{"allow":["GET"]}}],"collection":[{"href":"https:\/\/hostnetart.com.br\/baixada\/wp-json\/wp\/v2\/posts"}],"about":[{"href":"https:\/\/hostnetart.com.br\/baixada\/wp-json\/wp\/v2\/types\/post"}],"author":[{"embeddable":true,"href":"https:\/\/hostnetart.com.br\/baixada\/wp-json\/wp\/v2\/users\/2"}],"replies":[{"embeddable":true,"href":"https:\/\/hostnetart.com.br\/baixada\/wp-json\/wp\/v2\/comments?post=7567"}],"version-history":[{"count":0,"href":"https:\/\/hostnetart.com.br\/baixada\/wp-json\/wp\/v2\/posts\/7567\/revisions"}],"wp:featuredmedia":[{"embeddable":true,"href":"https:\/\/hostnetart.com.br\/baixada\/wp-json\/wp\/v2\/media\/7566"}],"wp:attachment":[{"href":"https:\/\/hostnetart.com.br\/baixada\/wp-json\/wp\/v2\/media?parent=7567"}],"wp:term":[{"taxonomy":"category","embeddable":true,"href":"https:\/\/hostnetart.com.br\/baixada\/wp-json\/wp\/v2\/categories?post=7567"},{"taxonomy":"post_tag","embeddable":true,"href":"https:\/\/hostnetart.com.br\/baixada\/wp-json\/wp\/v2\/tags?post=7567"}],"curies":[{"name":"wp","href":"https:\/\/api.w.org\/{rel}","templated":true}]}}