{"id":7563,"date":"2019-09-17T13:29:37","date_gmt":"2019-09-17T16:29:37","guid":{"rendered":"https:\/\/hostnetart.com.br\/baixada\/greve-pelo-clima-e-por-direitos-une-jovens-ambientalistas-e-trabalhadores-na-proxima-sexta\/"},"modified":"2019-09-17T13:29:37","modified_gmt":"2019-09-17T16:29:37","slug":"greve-pelo-clima-e-por-direitos-une-jovens-ambientalistas-e-trabalhadores-na-proxima-sexta","status":"publish","type":"post","link":"https:\/\/hostnetart.com.br\/baixada\/greve-pelo-clima-e-por-direitos-une-jovens-ambientalistas-e-trabalhadores-na-proxima-sexta\/","title":{"rendered":"Greve pelo Clima e por direitos une jovens, ambientalistas e trabalhadores na pr\u00f3xima sexta"},"content":{"rendered":"<p>Jovens em todo o mundo cansaram de esperar que dirigentes \u00e0 frente dos governos nacionais e dos neg\u00f3cios tomem as devidas atitudes contra o aquecimento global e as amea\u00e7as ao meio ambiente. Eles lideram a Greve Global pelo Clima, que deve parar as principais cidades do planeta na pr\u00f3xima sexta-feira (20). No Brasil, a articula\u00e7\u00e3o entre estudantes, movimentos sociais e sindicatos combina a den\u00fancia do \u201cdesprezo\u201d do\u00a0<a href=\"https:\/\/www.redebrasilatual.com.br\/ambiente\/2019\/09\/politica-ambiental-de-bolsonaro-e-a-aceleracao-do-fim-da-humanidade-diz-carlos-minc\/\" target=\"_blank\" rel=\"noopener noreferrer\">governo Bolsonaro<\/a>\u00a0pelas quest\u00f5es ambientais e as constantes amea\u00e7as aos direitos sociais e trabalhistas.<\/p>\n<p>A bi\u00f3loga Marcela Batista Durante, coordenadora da Rede Emancipa de cursinhos populares e integrante Coaliz\u00e3o pelo Clima, diz que a situa\u00e7\u00e3o no Brasil atualmente \u00e9 \u201cmuito preocupante\u201d, por conta das queimadas que destroem biomas como a\u00a0<a href=\"https:\/\/www.redebrasilatual.com.br\/ambiente\/2019\/09\/amazonia-em-chamas-o-legado-de-chico-mendes-em-risco-no-acre\/\" target=\"_blank\" rel=\"noopener noreferrer\">Amaz\u00f4nia<\/a>, o Pantanal e o Cerrado. \u201cAqui, no Brasil, por termos grandes biomas, uma diversidade que \u00e9 \u00fanica em todo o mundo, cabe a n\u00f3s organizar um movimento que d\u00ea uma resposta \u00e0 altura para todos os ataques que a gente est\u00e1 sofrendo\u201d, afirmou em entrevista \u00e0 jornalista Marilu Caba\u00f1as, para o\u00a0<a href=\"https:\/\/www.youtube.com\/watch?v=tFnPvLtEaSk\" target=\"_blank\" rel=\"noopener noreferrer\">Jornal Brasil Atual<\/a>, nesta ter\u00e7a-feira (17).<\/p>\n<p>A Coaliz\u00e3o pelo Clima \u00e9 inspirada no movimento\u00a0<a href=\"https:\/\/www.redebrasilatual.com.br\/ambiente\/2019\/08\/na-espanha-manifestantes-chamam-bolsonaro-de-criminoso-ambiental\/\">FridaysForFuture<\/a>\u00a0(Sextas pelo Futuro), liderado pela jovem ativista sueca Greta Thunberg, de 16 anos. Desde o ano passado, \u00e0s sextas-feiras, ela passou a protestar\u00a0diante do parlamento sueco com um cartaz feito \u00e0 m\u00e3o que dizia simplesmente: \u201cGreve Escolar pelo Clima\u201d. O exemplo se espalhou entre os estudantes europeus, que passaram a exigir a\u00e7\u00f5es urgentes de combate \u00e0s mudan\u00e7as clim\u00e1ticas.\u00a0\u201cNossa casa est\u00e1 pegando fogo\u201d se tornou o lema da garota. Em dezembro do ano passado, durante Confer\u00eancia do Clima da ONU, a COP20, ela a criticou\u00a0as eternas discuss\u00f5es que n\u00e3o resultam em solu\u00e7\u00f5es objetivas. \u201cVoc\u00eas n\u00e3o s\u00e3o maduros o suficiente para falar das coisas como elas s\u00e3o. At\u00e9 esse fardo voc\u00eas deixam para n\u00f3s, crian\u00e7as.\u201d<\/p>\n<p>Segundo o presidente da CUT-SP, Douglas Izzo, a articula\u00e7\u00e3o entre jovens, ambientalistas e sindicalistas se d\u00e1 em prol de uma sociedade mais justa, que defende direitos sociais e trabalhistas e que respeita o meio ambiente. \u201c\u00c9 justamente o contr\u00e1rio do que acontece no pa\u00eds hoje. Temos um presidente que ataca os direitos dos trabalhadores,\u00a0<a href=\"https:\/\/www.redebrasilatual.com.br\/destaques\/2019\/08\/bolsonaro-guerra-crime-contra-humanidade\/\" target=\"_blank\" rel=\"noopener noreferrer\">permissivo<\/a>\u00a0aos grandes grupos de latifundi\u00e1rios, que praticamente incentiva o desmatamento da floresta amaz\u00f4nica.\u201d<\/p>\n<p>Ele diz que a orienta\u00e7\u00e3o para os trabalhadores \u00e9 realizar assembleias, na parte da manh\u00e3, para dialogarem sobre as amea\u00e7as ambientais e tamb\u00e9m sobre a retirada de direitos \u2013 como a proposta de\u00a0<a href=\"https:\/\/www.redebrasilatual.com.br\/economia\/2019\/07\/reforma-da-previdencia-muda-a-vida-das-pessoas-para-pior-segundo-o-dieese\/\" target=\"_blank\" rel=\"noopener noreferrer\">\u201creforma\u201d da Previd\u00eancia<\/a>\u00a0\u2013, de maneira a ampliar a conscientiza\u00e7\u00e3o sobre esses temas. Ele diz que esses temas se relacionam, quando, por exemplo, o trabalhador acaba ocupando as v\u00e1rzeas dos rios, devido \u00e0 falta de uma pol\u00edtica de habita\u00e7\u00e3o adequada. \u201cQuerem que direitos essenciais sejam transformados em mercadoria, como a \u00e1gua, o saneamento b\u00e1sico, a educa\u00e7\u00e3o, a sa\u00fade e a habita\u00e7\u00e3o. \u00c9 um momento lament\u00e1vel.\u201d<\/p>\n<p>Segundo Marcela, a proposta \u00e9 que a Coaliz\u00e3o pelo Clima se transforme em uma articula\u00e7\u00e3o permanente, suprapartid\u00e1ria, que re\u00fana movimentos, ONGs, e demais segmentos da sociedade. Localmente, ela tamb\u00e9m criticou a privatiza\u00e7\u00e3o dos\u00a0<a href=\"https:\/\/www.redebrasilatual.com.br\/radio\/2016\/06\/assembleia-legislativa-de-sp-aprova-as-pressas-privatizacao-de-25-parques-estaduais\/\" target=\"_blank\" rel=\"noopener noreferrer\">parques estaduais<\/a>, e a proposta defendida pelo governador Jo\u00e3o Doria (PSDB) de venda da Sabesp, que tamb\u00e9m representam o agravamento das quest\u00f5es ambientais no estado de S\u00e3o Paulo.<\/p>\n<p>A programa\u00e7\u00e3o da Greve Global pelo Clima inclui a\u00e7\u00f5es em diversas cidades pelo pa\u00eds. Na capital paulista, as atividades est\u00e3o programadas a partir das 13h, no v\u00e3o livre do Masp, com aula p\u00fablica sobre aquecimento global e oficinas de cartazes. O ato ter\u00e1 concentra\u00e7\u00e3o \u00e0s 16h.<\/p>\n<p><strong>Fonte: Rede Brasil Atual<\/strong><\/p>\n","protected":false},"excerpt":{"rendered":"<p>Jovens em todo o mundo cansaram de esperar que dirigentes \u00e0 frente dos governos nacionais e dos neg\u00f3cios tomem as devidas atitudes contra o aquecimento global e as amea\u00e7as ao meio ambiente. Eles lideram a Greve Global pelo Clima, que deve parar as principais cidades do planeta na pr\u00f3xima sexta-feira (20). No Brasil, a articula\u00e7\u00e3o [&hellip;]<\/p>\n","protected":false},"author":2,"featured_media":7562,"comment_status":"","ping_status":"","sticky":false,"template":"","format":"standard","meta":{"footnotes":""},"categories":[3],"tags":[],"class_list":["post-7563","post","type-post","status-publish","format-standard","has-post-thumbnail","hentry","category-noticias"],"_links":{"self":[{"href":"https:\/\/hostnetart.com.br\/baixada\/wp-json\/wp\/v2\/posts\/7563","targetHints":{"allow":["GET"]}}],"collection":[{"href":"https:\/\/hostnetart.com.br\/baixada\/wp-json\/wp\/v2\/posts"}],"about":[{"href":"https:\/\/hostnetart.com.br\/baixada\/wp-json\/wp\/v2\/types\/post"}],"author":[{"embeddable":true,"href":"https:\/\/hostnetart.com.br\/baixada\/wp-json\/wp\/v2\/users\/2"}],"replies":[{"embeddable":true,"href":"https:\/\/hostnetart.com.br\/baixada\/wp-json\/wp\/v2\/comments?post=7563"}],"version-history":[{"count":0,"href":"https:\/\/hostnetart.com.br\/baixada\/wp-json\/wp\/v2\/posts\/7563\/revisions"}],"wp:featuredmedia":[{"embeddable":true,"href":"https:\/\/hostnetart.com.br\/baixada\/wp-json\/wp\/v2\/media\/7562"}],"wp:attachment":[{"href":"https:\/\/hostnetart.com.br\/baixada\/wp-json\/wp\/v2\/media?parent=7563"}],"wp:term":[{"taxonomy":"category","embeddable":true,"href":"https:\/\/hostnetart.com.br\/baixada\/wp-json\/wp\/v2\/categories?post=7563"},{"taxonomy":"post_tag","embeddable":true,"href":"https:\/\/hostnetart.com.br\/baixada\/wp-json\/wp\/v2\/tags?post=7563"}],"curies":[{"name":"wp","href":"https:\/\/api.w.org\/{rel}","templated":true}]}}