{"id":7557,"date":"2019-09-17T13:25:45","date_gmt":"2019-09-17T16:25:45","guid":{"rendered":"https:\/\/hostnetart.com.br\/baixada\/contraf-cut-cobra-do-bb-solucoes-para-problemas-de-licenca-de-saude\/"},"modified":"2019-09-17T13:25:45","modified_gmt":"2019-09-17T16:25:45","slug":"contraf-cut-cobra-do-bb-solucoes-para-problemas-de-licenca-de-saude","status":"publish","type":"post","link":"https:\/\/hostnetart.com.br\/baixada\/contraf-cut-cobra-do-bb-solucoes-para-problemas-de-licenca-de-saude\/","title":{"rendered":"Contraf-CUT cobra do BB solu\u00e7\u00f5es para problemas de licen\u00e7a de sa\u00fade"},"content":{"rendered":"<p>Em reuni\u00e3o da mesa de negocia\u00e7\u00f5es de Sa\u00fade dos funcion\u00e1rios do Banco do Brasil, a Comiss\u00e3o de Empresa dos Funcion\u00e1rios (CEBB) apresentou aos representantes do banco os diversos problemas que levam os banc\u00e1rios a ficar sem remunera\u00e7\u00e3o durante o afastamento para tratamento de sa\u00fade.<\/p>\n<p>\u201cExistem procedimentos que devem ser seguidos que nem sempre est\u00e3o claros para os funcion\u00e1rios. Cobramos maior divulga\u00e7\u00e3o e clareza destes procedimentos para que nenhum funcion\u00e1rio seja prejudicado\u201d, explicou o coordenador da CEBB, Jo\u00e3o Fukunaga.<\/p>\n<p>O banco disse que cabe ao gestor de cada ag\u00eancia\/departamento fazer o acompanhamento dos funcion\u00e1rios afastados para tratamento de sa\u00fade e que vai elaborar e disponibilizar um e-book com os procedimentos aos funcion\u00e1rios e \u00e0s entidades de representa\u00e7\u00e3o.<\/p>\n<p>\u201cTamb\u00e9m vai constituir um Grupo de Trabalho para repensar a condu\u00e7\u00e3o desses casos de sa\u00fade\u201d, informou Rita Mota, dirigente do Sindicato dos Banc\u00e1rios do Rio de Janeiro e funcion\u00e1ria do BB.<\/p>\n<h3><strong>Pessoas com restri\u00e7\u00e3o ao atendimento<\/strong><\/h3>\n<p>Em resposta \u00e0s reivindica\u00e7\u00f5es da representa\u00e7\u00e3o dos trabalhadores, o departamento de Servi\u00e7os Especializados em Engenharia de Seguran\u00e7a e em Medicina do Trabalho (SESMT) do Banco do Brasil informou que o banco analisa caso a caso os problemas de restri\u00e7\u00e3o ao atendimento. Orientou ainda que as d\u00favidas sobre casos espec\u00edficos dever\u00e3o ser remetidas aos respectivos SESMTs e que estes ser\u00e3o orientados a receber as demandas dos sindicatos.<\/p>\n<p>\u201cOs maiores problemas ocorrem com as pessoas que j\u00e1 tiveram restri\u00e7\u00e3o ao atendimento e agora, com a evolu\u00e7\u00e3o de seus casos e as novas normas do INSS, n\u00e3o t\u00eam mais restri\u00e7\u00e3o. Se elas precisarem ser alocadas em fun\u00e7\u00f5es de atendimento, antes precisam passar por uma adapta\u00e7\u00e3o\u201d, reivindicou Luciana Bagno, dirigente do Sindicato dos Banc\u00e1rios de Belo Horizonte e Regi\u00e3o, ressaltando que a prefer\u00eancia destas pessoas costuma ser por continuar a trabalhar nos departamentos.<\/p>\n<h3><strong>PAQ e SACR<\/strong><\/h3>\n<p>Apesar de ser uma reuni\u00e3o espec\u00edfica para tratar de quest\u00f5es de sa\u00fade dos funcion\u00e1rios, a CEBB aproveitou para obter informa\u00e7\u00f5es sobre o Programa Adequa\u00e7\u00e3o de Quadros (PAQ). A \u00faltima rodada de regulariza\u00e7\u00e3o de pra\u00e7as em excessos ocorreu na sexta-feira (13).<\/p>\n<p>O banco informou, ainda, que cerca de 2.300 pessoas se desligaram do banco durante o PAQ e que o Sistema Autom\u00e1tico de Concorr\u00eancia \u00e0 Remo\u00e7\u00e3o (SACR) nacional ocorrer\u00e1 no dia 24\/09 e ter\u00e1 car\u00e1ter volunt\u00e1rio.<\/p>\n<p>A CEBB tamb\u00e9m apresentou o problema dos \u201cdesaposentados\u201d que est\u00e3o em fase de readapta\u00e7\u00e3o ao trabalho e, por possu\u00edrem baixa pontua\u00e7\u00e3o no SACR, n\u00e3o conseguiram ser removidos para as ag\u00eancias que desejavam.<\/p>\n<p>Outro caso apresentado ao banco \u00e9 aquele das regionais que perderam vagas de cargos espec\u00edficos para outras pra\u00e7as. Por exemplo, duas vagas de assistentes de Belo Horizonte foram para as plataformas de Vit\u00f3ria (ES) e Uberl\u00e2ndia (MG), que ficam a cerca de 500 quil\u00f4metros de dist\u00e2ncia.<\/p>\n<p>O banco disse que a \u00fanica op\u00e7\u00e3o \u00e9 essas pessoas serem remanejadas para essas cidades. \u201cIsso \u00e9 um absurdo! Ainda mais que alguns funcion\u00e1rios j\u00e1 passaram por situa\u00e7\u00e3o semelhante devido \u00e0s constantes reestrutura\u00e7\u00f5es realizadas pelo banco\u201d, criticou Fukunaga. \u201cEssa n\u00e3o foi uma mesa espec\u00edfica para tratar desses assuntos, mas vamos paut\u00e1-los para a pr\u00f3xima reuni\u00e3o com o banco\u201d.<\/p>\n<h3>PSO e banco de horas<\/h3>\n<p>A representa\u00e7\u00e3o dos trabalhadores tamb\u00e9m ressaltou que continua havendo press\u00e3o pela Plataforma de Suporte Operacional (PSO) para que os funcion\u00e1rios fa\u00e7am a ades\u00e3o ao banco de horas e tamb\u00e9m para retirar folgas. O Acordo Coletivo de Trabalho (ACT) dos funcion\u00e1rios do Banco do Brasil veda esse tipo de press\u00e3o sobre o trabalhador.<\/p>\n<p>O banco ficou de orientar melhor as \u00e1reas e alertar quanto \u00e0 irregularidade desta conduta.<\/p>\n<h3><strong>Ac\u00famulo de fun\u00e7\u00f5es<\/strong><\/h3>\n<p>Os trabalhadores tamb\u00e9m questionaram ao banco com rela\u00e7\u00e3o ao risco operacional decorrente do ac\u00famulo de fun\u00e7\u00e3o no Atendimento Integrado Negocial e Caixa.<\/p>\n<p>O banco ficou de analisar melhor essa situa\u00e7\u00e3o, alegando ser algo muito recente e ainda n\u00e3o ter tido a possibilidade de se aprofundarem no assunto.<\/p>\n<p><strong>Fonte: Contraf-CUT<\/strong><\/p>\n","protected":false},"excerpt":{"rendered":"<p>Em reuni\u00e3o da mesa de negocia\u00e7\u00f5es de Sa\u00fade dos funcion\u00e1rios do Banco do Brasil, a Comiss\u00e3o de Empresa dos Funcion\u00e1rios (CEBB) apresentou aos representantes do banco os diversos problemas que levam os banc\u00e1rios a ficar sem remunera\u00e7\u00e3o durante o afastamento para tratamento de sa\u00fade. \u201cExistem procedimentos que devem ser seguidos que nem sempre est\u00e3o claros [&hellip;]<\/p>\n","protected":false},"author":2,"featured_media":7556,"comment_status":"","ping_status":"","sticky":false,"template":"","format":"standard","meta":{"footnotes":""},"categories":[3],"tags":[],"class_list":["post-7557","post","type-post","status-publish","format-standard","has-post-thumbnail","hentry","category-noticias"],"_links":{"self":[{"href":"https:\/\/hostnetart.com.br\/baixada\/wp-json\/wp\/v2\/posts\/7557","targetHints":{"allow":["GET"]}}],"collection":[{"href":"https:\/\/hostnetart.com.br\/baixada\/wp-json\/wp\/v2\/posts"}],"about":[{"href":"https:\/\/hostnetart.com.br\/baixada\/wp-json\/wp\/v2\/types\/post"}],"author":[{"embeddable":true,"href":"https:\/\/hostnetart.com.br\/baixada\/wp-json\/wp\/v2\/users\/2"}],"replies":[{"embeddable":true,"href":"https:\/\/hostnetart.com.br\/baixada\/wp-json\/wp\/v2\/comments?post=7557"}],"version-history":[{"count":0,"href":"https:\/\/hostnetart.com.br\/baixada\/wp-json\/wp\/v2\/posts\/7557\/revisions"}],"wp:featuredmedia":[{"embeddable":true,"href":"https:\/\/hostnetart.com.br\/baixada\/wp-json\/wp\/v2\/media\/7556"}],"wp:attachment":[{"href":"https:\/\/hostnetart.com.br\/baixada\/wp-json\/wp\/v2\/media?parent=7557"}],"wp:term":[{"taxonomy":"category","embeddable":true,"href":"https:\/\/hostnetart.com.br\/baixada\/wp-json\/wp\/v2\/categories?post=7557"},{"taxonomy":"post_tag","embeddable":true,"href":"https:\/\/hostnetart.com.br\/baixada\/wp-json\/wp\/v2\/tags?post=7557"}],"curies":[{"name":"wp","href":"https:\/\/api.w.org\/{rel}","templated":true}]}}