{"id":7555,"date":"2019-09-17T13:24:49","date_gmt":"2019-09-17T16:24:49","guid":{"rendered":"https:\/\/hostnetart.com.br\/baixada\/pressao-garante-melhorias-na-plr-do-mercantil-do-brasil\/"},"modified":"2019-09-17T13:24:49","modified_gmt":"2019-09-17T16:24:49","slug":"pressao-garante-melhorias-na-plr-do-mercantil-do-brasil","status":"publish","type":"post","link":"https:\/\/hostnetart.com.br\/baixada\/pressao-garante-melhorias-na-plr-do-mercantil-do-brasil\/","title":{"rendered":"Press\u00e3o garante melhorias na PLR do Mercantil do Brasil"},"content":{"rendered":"<p>O Mercantil do Brasil disponibilizou, a partir dessa segunda feira (16), na Intranet do banco, o acompanhamento dos valores devidos a todos seus funcion\u00e1rios a t\u00edtulo de antecipa\u00e7\u00e3o da Participa\u00e7\u00e3o nos Lucros e Resultados (PLR) de 2019, consolidadas no sistema RMV, onde ser\u00e3o divulgadas as apura\u00e7\u00f5es individuais, parciais e finais da PLR.<\/p>\n<p>A maioria dos trabalhadores do banco receber\u00e3o pela regra do programa pr\u00f3prio, que contemplar\u00e1 valores majorados. Em negocia\u00e7\u00e3o junto \u00e0 dire\u00e7\u00e3o do banco, a Comiss\u00e3o de Organiza\u00e7\u00e3o dos Empregados (COE) do Mercantil, que representa a Confedera\u00e7\u00e3o Nacional dos Trabalhadores do Ramo Financeiro (Contraf-CUT) nas negocia\u00e7\u00f5es, pressionou e conseguiu incluir, no acordo pr\u00f3prio, a cl\u00e1usula sobre o gatilho de 80% das metas. Ou seja, os funcion\u00e1rios recebem, proporcionalmente, a partir do atingimento do lucro de R$ 52 milh\u00f5es no primeiro semestre de 2019, uma redu\u00e7\u00e3o de R$ 13 milh\u00f5es s\u00f3 nesse primeiro momento.<\/p>\n<p>O gatilho de cumprimento de 80% das metas tamb\u00e9m incluiu a redu\u00e7\u00e3o de despesas e BSC, o que acabou ocorrendo no primeiro semestre de 2019. No in\u00edcio das tratativas negociais, o programa pr\u00f3prio s\u00f3 seria pago com o cumprimento integral das metas.<\/p>\n<p>Tamb\u00e9m foi garantida a cl\u00e1usula que prev\u00ea que banc\u00e1rios recebem o maior valor entre os resultados apurados pelas regras do Programa Pr\u00f3prio e o valor da Conven\u00e7\u00e3o Coletiva de Trabalho (CCT) dos banc\u00e1rios.<\/p>\n<p>Para Marco Aur\u00e9lio Alves, coordenador da COE Mercantil, valeu toda a garra e disposi\u00e7\u00e3o do Sindicato, pressionando o banco a tornar o recebimento pelo programa pr\u00f3prio mais acess\u00edvel. \u201cAinda n\u00e3o conseguimos resolver todos impasses do programa pr\u00f3prio, mas os bons resultados alcan\u00e7ados pelo banco, nesse primeiro semestre de 2019, refletem o esfor\u00e7o dos funcion\u00e1rios no cumprimento integral de todas as metas propostas pelo banco. Seria injusto se os empregados deixassem de receber o programa pr\u00f3prio por conta de poucos pontos percentuais aferidos a menor, que em muitos casos ocorrem fora do raio de atua\u00e7\u00e3o desses trabalhadores\u201d, afirmou.<\/p>\n<p><strong>Fonte: Contraf-CUT<\/strong><\/p>\n","protected":false},"excerpt":{"rendered":"<p>O Mercantil do Brasil disponibilizou, a partir dessa segunda feira (16), na Intranet do banco, o acompanhamento dos valores devidos a todos seus funcion\u00e1rios a t\u00edtulo de antecipa\u00e7\u00e3o da Participa\u00e7\u00e3o nos Lucros e Resultados (PLR) de 2019, consolidadas no sistema RMV, onde ser\u00e3o divulgadas as apura\u00e7\u00f5es individuais, parciais e finais da PLR. A maioria dos [&hellip;]<\/p>\n","protected":false},"author":2,"featured_media":7554,"comment_status":"","ping_status":"","sticky":false,"template":"","format":"standard","meta":{"footnotes":""},"categories":[3],"tags":[],"class_list":["post-7555","post","type-post","status-publish","format-standard","has-post-thumbnail","hentry","category-noticias"],"_links":{"self":[{"href":"https:\/\/hostnetart.com.br\/baixada\/wp-json\/wp\/v2\/posts\/7555","targetHints":{"allow":["GET"]}}],"collection":[{"href":"https:\/\/hostnetart.com.br\/baixada\/wp-json\/wp\/v2\/posts"}],"about":[{"href":"https:\/\/hostnetart.com.br\/baixada\/wp-json\/wp\/v2\/types\/post"}],"author":[{"embeddable":true,"href":"https:\/\/hostnetart.com.br\/baixada\/wp-json\/wp\/v2\/users\/2"}],"replies":[{"embeddable":true,"href":"https:\/\/hostnetart.com.br\/baixada\/wp-json\/wp\/v2\/comments?post=7555"}],"version-history":[{"count":0,"href":"https:\/\/hostnetart.com.br\/baixada\/wp-json\/wp\/v2\/posts\/7555\/revisions"}],"wp:featuredmedia":[{"embeddable":true,"href":"https:\/\/hostnetart.com.br\/baixada\/wp-json\/wp\/v2\/media\/7554"}],"wp:attachment":[{"href":"https:\/\/hostnetart.com.br\/baixada\/wp-json\/wp\/v2\/media?parent=7555"}],"wp:term":[{"taxonomy":"category","embeddable":true,"href":"https:\/\/hostnetart.com.br\/baixada\/wp-json\/wp\/v2\/categories?post=7555"},{"taxonomy":"post_tag","embeddable":true,"href":"https:\/\/hostnetart.com.br\/baixada\/wp-json\/wp\/v2\/tags?post=7555"}],"curies":[{"name":"wp","href":"https:\/\/api.w.org\/{rel}","templated":true}]}}