{"id":7551,"date":"2019-09-16T19:46:27","date_gmt":"2019-09-16T22:46:27","guid":{"rendered":"https:\/\/hostnetart.com.br\/baixada\/cobertura-viciada-midia-ouve-os-mesmos-especialistas-a-maioria-favoravel-a-reforma\/"},"modified":"2019-09-16T19:46:27","modified_gmt":"2019-09-16T22:46:27","slug":"cobertura-viciada-midia-ouve-os-mesmos-especialistas-a-maioria-favoravel-a-reforma","status":"publish","type":"post","link":"https:\/\/hostnetart.com.br\/baixada\/cobertura-viciada-midia-ouve-os-mesmos-especialistas-a-maioria-favoravel-a-reforma\/","title":{"rendered":"Cobertura viciada: m\u00eddia ouve os mesmos especialistas, a maioria favor\u00e1vel \u00e0 \u2018reforma\u2019"},"content":{"rendered":"<p>A proposta de \u201creforma\u201d da Previd\u00eancia \u00e9 \u201ccruel\u201d, desnecess\u00e1ria e <a href=\"https:\/\/www.redebrasilatual.com.br\/economia\/2010\/09\/previdencia-social-coloca-mais-de-23-milhoes-de-idosos-acima-da-linha-de-pobreza\/\" target=\"_blank\" rel=\"noopener noreferrer\">aumentar\u00e1 a pobreza<\/a>, conclu\u00edram participantes de audi\u00eancia p\u00fablica realizada nesta segunda-feira (16) na Comiss\u00e3o de Direitos Humanos (CDH) do Senado. O presidente do colegiado, senador Paulo Paim (PT-RS), afirmou que a maioria dos parlamentares nem conhece o teor da proposta, que ele considera \u201ca mais cruel de todos os tempos\u201d. J\u00e1 aprovada na C\u00e2mara, a Proposta de Emenda \u00e0 Constitui\u00e7\u00e3o (PEC) 6 deve ser votada em primeiro turno no Senado no pr\u00f3ximo dia 24.<\/p>\n<p>Segundo Paim, quem sofrer um problema grave e n\u00e3o puder mais trabalhar vai se aposentar recebendo a metade do sal\u00e1rio da ativa. \u201cIsso vai gerar mis\u00e9ria\u201d, afirmou. \u201cEssa reforma prejudica <a href=\"https:\/\/www.redebrasilatual.com.br\/trabalho\/2019\/05\/reforma-da-previdencia-desestrutura-a-familia-brasileira-do-jovem-aos-avos\/\" target=\"_blank\" rel=\"noopener noreferrer\">gera\u00e7\u00f5es do passado, do presente e do futuro<\/a>. Retira de quem est\u00e1 ganhando no trabalho formal e n\u00e3o resolve nada para aqueles que nem t\u00eam chance de um emprego formal\u201d, acrescentou o senador.<\/p>\n<p>Para Fabiano Contarato (Rede-ES), do jeito que est\u00e1, a proposta ser\u00e1 \u201cuma viol\u00eancia contra aqueles que ganham menos, a camada mais pobre da sociedade brasileira\u201d. Ele acusou Jair Bolsonaro de disseminar \u00f3dio em vez de ser um \u201cinstrumento de pacifica\u00e7\u00e3o social\u201d, como o cargo exigiria. \u201cMinhas digitais n\u00e3o estar\u00e3o nessa proposta, diante da minha consci\u00eancia de que 459 munic\u00edpios brasileiros est\u00e3o em extrema pobreza, 70 milh\u00f5es de brasileiros est\u00e3o na pobreza ou extrema pobreza e h\u00e1 22 milh\u00f5es de brasileiros desempregados ou subutilizados.\u201d<\/p>\n<p>A assessora da C\u00e1ritas (ligada \u00e0 Igreja Cat\u00f3lica) Marcela Gon\u00e7alves leu trecho de <a href=\"https:\/\/www12.senado.leg.br\/noticias\/materias\/2019\/09\/16\/previdencia-aumento-da-miseria-e-do-trabalho-informal-preocupa-debatedores\" target=\"_blank\" rel=\"noopener noreferrer\">carta do Papa Francisco<\/a> sobre assist\u00eancia aos desempregados e direito \u00e0 aposentadoria, entre outros temas. \u201cEstamos observando o aumento da informalidade, com a perda dos empregos. H\u00e1 uma minoria barulhenta, que j\u00e1 percebeu o aumento da mis\u00e9ria. Mas uma maioria ainda est\u00e1 silenciosa, em letargia\u201d, afirmou.<\/p>\n<h3>Pouca pluralidade<\/h3>\n<p>A audi\u00eancia tamb\u00e9m discutiu o papel da m\u00eddia comercial na abordagem da \u201creforma\u201d apresentada pelo governo. Segundo Maria Mello, representante da Intervozes, levantamento com base em dados dos jornais\u00a0 <em>O<\/em>\u00a0<i>Estado de S. Paulo, Folha de S.Paulo <\/i>e <i>O Globo<\/i>), 64% dos especialistas consultados \u2013 muitos ligados a consultorias empresariais \u2013 eram favor\u00e1veis \u00e0 proposta. Em torno de 8% eram parcialmente favor\u00e1veis e 19%, contr\u00e1rios.<\/p>\n<p>\u201c\u00c9 not\u00e1vel a pouca pluralidade das vozes. <a href=\"https:\/\/www.redebrasilatual.com.br\/destaques\/2019\/09\/midia-e-parcial-na-defesa-da-reforma-previdencia-e-esconde-danos-aos-trabalhadores\/\" target=\"_blank\" rel=\"noopener noreferrer\">Os jornais se repetem recorrendo aos mesmos especialistas<\/a>, sendo que 88% eram homens e 12%, mulheres\u201d, disse Maria Mello, acrescentando que nas emissoras de TV a maioria dos consultados eram representantes do governo. \u201cFaltou pluralidade na cobertura, faltou dar voz a setores que importavam ser ouvidos.\u201d<\/p>\n<p>Representante de uma associa\u00e7\u00e3o de catadores de materiais recicl\u00e1veis, Ronei Silva falou de sua experi\u00eancia pessoal \u2013 ele sempre usou for\u00e7a f\u00edsica para trabalhar, tamb\u00e9m carregando nas costas sacos de cimento e outros itens. \u201cEu n\u00e3o vou conseguir me aposentar nunca, mas estou perdendo as minhas for\u00e7as e, com tr\u00eas h\u00e9rnias de disco, n\u00e3o consigo pegar o que antes conseguia.\u201d<\/p>\n<p>Pela Confedera\u00e7\u00e3o Nacional dos Trabalhadores na Agricultura (Contag), Francisco Urbano Ara\u00fajo Filho criticou o processo de retirada de direitos que, segundo ele, vem desde a \u201creforma\u201d trabalhista, implementada em 2017. Ele citou o item que trata de \u201cacordo\u201d entre patr\u00e3o e empregado para demiss\u00f5es sem justa causa. \u201cO Estado est\u00e1 abrindo m\u00e3o do recurso do FGTS e o patr\u00e3o est\u00e1 se apropriando do bem do empregado.\u201d<\/p>\n<p>Marcelo In\u00e1cio de Sousa, representante do F\u00f3rum de Economia Solid\u00e1ria do Distrito Federal e entorno, afirmou que falta um projeto de Estado. \u00c9 preciso mostrar como o trabalhador pagar\u00e1 a chamada \u201cnova Previd\u00eancia\u201d e como o dinheiro supostamente economizado vai refletir em melhorias \u00e0 popula\u00e7\u00e3o.<\/p>\n<p>\u201cEles dizem que v\u00e3o economizar R$ 1 trilh\u00e3o em 10 anos. Ora, esse foi o dinheiro pago no ano passado com juros e amortiza\u00e7\u00e3o da d\u00edvida\u201d, criticou. \u201cN\u00e3o temos um problema de Previd\u00eancia. Isso \u00e9 um truque de ilusionismo. Dizem que uma mudan\u00e7a na Previd\u00eancia \u00e9 inevit\u00e1vel. Esse discurso n\u00e3o \u00e9 novo, Margaret Thatcher fez a mesma coisa na Inglaterra. Perguntem aos chilenos o que foi a reforma l\u00e1.\u201d<\/p>\n<p><strong>Fonte: Rede Brasil Atual<\/strong><\/p>\n","protected":false},"excerpt":{"rendered":"<p>A proposta de \u201creforma\u201d da Previd\u00eancia \u00e9 \u201ccruel\u201d, desnecess\u00e1ria e aumentar\u00e1 a pobreza, conclu\u00edram participantes de audi\u00eancia p\u00fablica realizada nesta segunda-feira (16) na Comiss\u00e3o de Direitos Humanos (CDH) do Senado. O presidente do colegiado, senador Paulo Paim (PT-RS), afirmou que a maioria dos parlamentares nem conhece o teor da proposta, que ele considera \u201ca mais [&hellip;]<\/p>\n","protected":false},"author":2,"featured_media":7550,"comment_status":"","ping_status":"","sticky":false,"template":"","format":"standard","meta":{"footnotes":""},"categories":[3],"tags":[],"class_list":["post-7551","post","type-post","status-publish","format-standard","has-post-thumbnail","hentry","category-noticias"],"_links":{"self":[{"href":"https:\/\/hostnetart.com.br\/baixada\/wp-json\/wp\/v2\/posts\/7551","targetHints":{"allow":["GET"]}}],"collection":[{"href":"https:\/\/hostnetart.com.br\/baixada\/wp-json\/wp\/v2\/posts"}],"about":[{"href":"https:\/\/hostnetart.com.br\/baixada\/wp-json\/wp\/v2\/types\/post"}],"author":[{"embeddable":true,"href":"https:\/\/hostnetart.com.br\/baixada\/wp-json\/wp\/v2\/users\/2"}],"replies":[{"embeddable":true,"href":"https:\/\/hostnetart.com.br\/baixada\/wp-json\/wp\/v2\/comments?post=7551"}],"version-history":[{"count":0,"href":"https:\/\/hostnetart.com.br\/baixada\/wp-json\/wp\/v2\/posts\/7551\/revisions"}],"wp:featuredmedia":[{"embeddable":true,"href":"https:\/\/hostnetart.com.br\/baixada\/wp-json\/wp\/v2\/media\/7550"}],"wp:attachment":[{"href":"https:\/\/hostnetart.com.br\/baixada\/wp-json\/wp\/v2\/media?parent=7551"}],"wp:term":[{"taxonomy":"category","embeddable":true,"href":"https:\/\/hostnetart.com.br\/baixada\/wp-json\/wp\/v2\/categories?post=7551"},{"taxonomy":"post_tag","embeddable":true,"href":"https:\/\/hostnetart.com.br\/baixada\/wp-json\/wp\/v2\/tags?post=7551"}],"curies":[{"name":"wp","href":"https:\/\/api.w.org\/{rel}","templated":true}]}}