{"id":7549,"date":"2019-09-16T19:42:10","date_gmt":"2019-09-16T22:42:10","guid":{"rendered":"https:\/\/hostnetart.com.br\/baixada\/curso-de-extensao-etnico-racial-da-contraf-cut-comeca-amanha-17-2\/"},"modified":"2019-09-16T19:42:10","modified_gmt":"2019-09-16T22:42:10","slug":"curso-de-extensao-etnico-racial-da-contraf-cut-comeca-amanha-17-2","status":"publish","type":"post","link":"https:\/\/hostnetart.com.br\/baixada\/curso-de-extensao-etnico-racial-da-contraf-cut-comeca-amanha-17-2\/","title":{"rendered":"Curso de Extens\u00e3o \u00c9tnico Racial da Contraf-CUT come\u00e7a amanh\u00e3(17)"},"content":{"rendered":"<div class=\"elementor-element elementor-element-194680ec elementor-widget elementor-widget-theme-post-content\" data-id=\"194680ec\" data-element_type=\"widget\" data-widget_type=\"theme-post-content.default\">\n<div class=\"elementor-widget-container\">\n<p>As secretarias de Combate ao Racismo e de Forma\u00e7\u00e3o da Confedera\u00e7\u00e3o Nacional dos Trabalhadores do Ramo Financeiro (Contraf-CUT) realizar\u00e3o, em conjunto, o curso de extens\u00e3o universit\u00e1ria \u201cDesigualdades raciais no mundo do trabalho: as consequ\u00eancias da ideologia racista\u201d. Com o objetivo de proporcionar forma\u00e7\u00e3o sobre a hist\u00f3ria econ\u00f4mica do Brasil, o curso promover\u00e1 reflex\u00f5es sociol\u00f3gicas e filos\u00f3ficas em torno dos temas escravid\u00e3o, racismo e suas consequ\u00eancias no mercado de trabalho atual, que ocorrer\u00e3o nos dias 17 a 19 de setembro (1\u00ba m\u00f3dulo) e nos dias 22 a 24 de outubro (2\u00ba m\u00f3dulo), na sede da Contraf-CUT, das 9h \u00e0s 17h.<\/p>\n<p>Ser\u00e3o 32 horas de aprendizado, com aulas elaboradas e certificadas pela Universidade Federal do ABC, que ser\u00e3o ministradas pelo N\u00facleo de Estudos Africanos e Afro-brasileiros.<\/p>\n<p>O mundo do trabalho \u00e9 um dos espa\u00e7os onde a discrimina\u00e7\u00e3o racial tem sido perene. Pesquisas recentes do Departamento Intersindical de Estat\u00edsticas e Estudos Socioecon\u00f4micos \u2013 (Dieese) mostram que o setor banc\u00e1rio \u00e9 um dos segmentos empresariais que mais discrimina segundo a cor da pele e o sexo, fato comprovado pela pouca presen\u00e7a de negros, em especial, nos cargos com visibilidade, de chefia e ger\u00eancia.\u00a0<\/p>\n<p>Para Almir Aguiar, secret\u00e1rio de Combate ao Racismo da Contraf-CUT, em v\u00e1rios seguimentos do setor produtivo, a discrimina\u00e7\u00e3o ainda \u00e9 uma realidade, e passados 131 anos da aboli\u00e7\u00e3o inacabada, mostra que o Brasil ainda \u00e9 desigual, discriminat\u00f3rio e com seus reflexos no mercado de trabalho at\u00e9 os dias de hoje. \u201cApesar da popula\u00e7\u00e3o negra, ser 54% da popula\u00e7\u00e3o, nos quadros de executivos das 500 maiores empresas, somente 4,7% \u00e9 ocupado por negros e negras\u201d comentou.<\/p>\n<p>O Censo da Diversidade de 2014, mostrou que a categoria banc\u00e1ria contava com 24,7% de negros naquele ano. Nesta semana, come\u00e7ou a aplica\u00e7\u00e3o do question\u00e1rio do III Censo. \u201cN\u00f3s j\u00e1 conhecemos a realidade dos negros e negras da categoria, mas o curso dar\u00e1 muito mais elementos para avan\u00e7armos nessa luta, por mais contrata\u00e7\u00e3o de negras e negros no setor banc\u00e1rio\u201d, disse Almir Aguiar.<\/p>\n<p>De acordo com o secret\u00e1rio de Forma\u00e7\u00e3o, Walcir Previtale, \u00e9 fundamental que os sindicatos e federa\u00e7\u00f5es fortale\u00e7am o Curso de Extens\u00e3o \u00c9tnico Racial. \u201cNosso objetivo \u00e9 formar lideran\u00e7as sindicais com uma vis\u00e3o mais ampla da hist\u00f3ria econ\u00f4mica do pa\u00eds, da contribui\u00e7\u00e3o das trabalhadoras e dos trabalhadores negros para a economia nacional, assim como para a organiza\u00e7\u00e3o das entidades de representa\u00e7\u00e3o, tais como sindicatos, federa\u00e7\u00f5es, confedera\u00e7\u00f5es e centrais sindicais\u201d, afirmou.<\/p>\n<h3><strong>Inscri\u00e7\u00f5es<\/strong><\/h3>\n<p>As inscri\u00e7\u00f5es para o curso podem ser feitas pelas entidades (sindicatos e federa\u00e7\u00f5es) pelo e-mail\u00a0<a href=\"mailto:contrafcut@contrafcut.org.br\">contrafcut@contrafcut.org.br<\/a>.<\/p>\n<p>A turma ser\u00e1 composta por 40 (quarenta) dirigentes e ativistas sindicais brasileiros, indicados pela Contraf-CUT, buscando a meta de, preferencialmente, 20 mulheres e 20 homens.<\/p>\n<h3><strong>Programa\u00e7\u00e3o<\/strong><\/h3>\n<p>17 de setembro:\u00a0\u00a0\u00a0\u00a0\u00a0\u00a0 O legado cient\u00edfico e cultural dos africanos;<\/p>\n<p>\u00a0\u00a0\u00a0\u00a0\u00a0\u00a0\u00a0\u00a0\u00a0\u00a0\u00a0\u00a0\u00a0\u00a0\u00a0\u00a0\u00a0\u00a0\u00a0\u00a0\u00a0\u00a0\u00a0 \u00a0\u00a0\u00a0\u00a0\u00a0\u00a0\u00a0\u00a0\u00a0\u00a0\u00a0 Capitalismo e racismo: a expans\u00e3o europeia;<\/p>\n<p>19 de setembro:\u00a0\u00a0\u00a0\u00a0\u00a0\u00a0 O papel econ\u00f4mico, social, pol\u00edtico e cultural da escravid\u00e3o;<\/p>\n<p>\u00a0\u00a0\u00a0\u00a0 \u00a0\u00a0\u00a0\u00a0\u00a0\u00a0 \u00a0\u00a0\u00a0\u00a0\u00a0\u00a0\u00a0\u00a0\u00a0\u00a0\u00a0\u00a0\u00a0\u00a0\u00a0\u00a0\u00a0\u00a0\u00a0\u00a0\u00a0\u00a0\u00a0 Resist\u00eancia negra a escravid\u00e3o;<\/p>\n<p>22 de outubro: \u00a0\u00a0\u00a0\u00a0\u00a0\u00a0\u00a0 A inven\u00e7\u00e3o do racismo \u2013 ideologia;<\/p>\n<p>\u00a0\u00a0\u00a0\u00a0\u00a0\u00a0\u00a0\u00a0\u00a0\u00a0\u00a0\u00a0\u00a0\u00a0\u00a0\u00a0\u00a0\u00a0\u00a0\u00a0\u00a0\u00a0\u00a0\u00a0\u00a0\u00a0\u00a0\u00a0\u00a0\u00a0\u00a0\u00a0\u00a0\u00a0 Transi\u00e7\u00e3o do trabalho escravo para o trabalho assalariado;<\/p>\n<p>24 de outubro:\u00a0\u00a0\u00a0\u00a0\u00a0\u00a0\u00a0\u00a0 Diminui\u00e7\u00e3o das desigualdades raciais nos governos Lula e Dilma<\/p>\n<p>\u00a0\u00a0\u00a0\u00a0\u00a0\u00a0\u00a0\u00a0\u00a0\u00a0\u00a0\u00a0\u00a0\u00a0\u00a0\u00a0\u00a0\u00a0\u00a0\u00a0\u00a0\u00a0\u00a0\u00a0\u00a0\u00a0\u00a0\u00a0\u00a0\u00a0\u00a0\u00a0\u00a0\u00a0 O aumento das desigualdades ap\u00f3s o golpe de 2016<\/p>\n<p>As aulas ser\u00e3o ministradas por Ramatis Jacino, que \u00e9 professor do bacharelado em Ci\u00eancias e Humanidades e do Bacharelado em Ci\u00eancias Econ\u00f4micas da Universidade Federal do ABC. Mestre e doutor em Hist\u00f3ria Econ\u00f4mica pela Faculdade de Letras, Filosofia e Ci\u00eancias Humanas da Universidade de S\u00e3o Paulo \u2013 FFLCH\/USP onde pesquisou o per\u00edodo de transi\u00e7\u00e3o do trabalho escravo para o trabalho assalariado no Brasil e a marginaliza\u00e7\u00e3o econ\u00f4mica e social dos que foram escravizados. Fundador da CUT, foi militante do Sindicato dos Gr\u00e1ficos de S\u00e3o Paulo, assessor da CUT SP, conselheiro estadual da APEOESP e dirigente da CUT SP. \u00c9 tamb\u00e9m militante do Movimento Negro desde 1977.\u00a0<\/p>\n<p><strong>Fonte: Contraf-CUT<\/strong><\/p>\n<\/div>\n<\/div>\n","protected":false},"excerpt":{"rendered":"<p>As secretarias de Combate ao Racismo e de Forma\u00e7\u00e3o da Confedera\u00e7\u00e3o Nacional dos Trabalhadores do Ramo Financeiro (Contraf-CUT) realizar\u00e3o, em conjunto, o curso de extens\u00e3o universit\u00e1ria \u201cDesigualdades raciais no mundo do trabalho: as consequ\u00eancias da ideologia racista\u201d. Com o objetivo de proporcionar forma\u00e7\u00e3o sobre a hist\u00f3ria econ\u00f4mica do Brasil, o curso promover\u00e1 reflex\u00f5es sociol\u00f3gicas e [&hellip;]<\/p>\n","protected":false},"author":2,"featured_media":7548,"comment_status":"","ping_status":"","sticky":false,"template":"","format":"standard","meta":{"footnotes":""},"categories":[3],"tags":[],"class_list":["post-7549","post","type-post","status-publish","format-standard","has-post-thumbnail","hentry","category-noticias"],"_links":{"self":[{"href":"https:\/\/hostnetart.com.br\/baixada\/wp-json\/wp\/v2\/posts\/7549","targetHints":{"allow":["GET"]}}],"collection":[{"href":"https:\/\/hostnetart.com.br\/baixada\/wp-json\/wp\/v2\/posts"}],"about":[{"href":"https:\/\/hostnetart.com.br\/baixada\/wp-json\/wp\/v2\/types\/post"}],"author":[{"embeddable":true,"href":"https:\/\/hostnetart.com.br\/baixada\/wp-json\/wp\/v2\/users\/2"}],"replies":[{"embeddable":true,"href":"https:\/\/hostnetart.com.br\/baixada\/wp-json\/wp\/v2\/comments?post=7549"}],"version-history":[{"count":0,"href":"https:\/\/hostnetart.com.br\/baixada\/wp-json\/wp\/v2\/posts\/7549\/revisions"}],"wp:featuredmedia":[{"embeddable":true,"href":"https:\/\/hostnetart.com.br\/baixada\/wp-json\/wp\/v2\/media\/7548"}],"wp:attachment":[{"href":"https:\/\/hostnetart.com.br\/baixada\/wp-json\/wp\/v2\/media?parent=7549"}],"wp:term":[{"taxonomy":"category","embeddable":true,"href":"https:\/\/hostnetart.com.br\/baixada\/wp-json\/wp\/v2\/categories?post=7549"},{"taxonomy":"post_tag","embeddable":true,"href":"https:\/\/hostnetart.com.br\/baixada\/wp-json\/wp\/v2\/tags?post=7549"}],"curies":[{"name":"wp","href":"https:\/\/api.w.org\/{rel}","templated":true}]}}