{"id":7545,"date":"2019-09-13T18:45:18","date_gmt":"2019-09-13T21:45:18","guid":{"rendered":"https:\/\/hostnetart.com.br\/baixada\/bancarios-fazem-atos-em-defesa-da-caixa-e-do-fgts\/"},"modified":"2019-09-13T18:45:18","modified_gmt":"2019-09-13T21:45:18","slug":"bancarios-fazem-atos-em-defesa-da-caixa-e-do-fgts","status":"publish","type":"post","link":"https:\/\/hostnetart.com.br\/baixada\/bancarios-fazem-atos-em-defesa-da-caixa-e-do-fgts\/","title":{"rendered":"Banc\u00e1rios fazem atos em defesa da Caixa e do FGTS"},"content":{"rendered":"<p>Trabalhadores da Caixa Econ\u00f4mica Federal realizam atos em todo o pa\u00eds nesta sexta-feira (13) para denunciar os ataques que o banco vem sofrendo. O Dia Nacional de Luta em Defesa da Caixa 100% P\u00fablica marca o anivers\u00e1rio de 53 anos do FGTS, e coincide com o primeiro dia dos\u00a0<a href=\"https:\/\/www.redebrasilatual.com.br\/economia\/2019\/09\/caixa-comeca-a-liberar-r-500-do-fgts-nesta-sexta-feira\/\" target=\"_blank\" rel=\"noopener noreferrer\">saques<\/a>\u00a0de at\u00e9 R$ 500 liberados pelo governo. Na mobiliza\u00e7\u00f5es, os banc\u00e1rios tamb\u00e9m orientam a popula\u00e7\u00e3o sobre as formas e condi\u00e7\u00f5es para acessar os recursos, bem como os riscos desse tipo de pol\u00edtica para o futuro do fundo.<\/p>\n<p>Segundo os trabalhadores, os saques do FGTS implicar\u00e3o no aumento do atendimento, e hoje a rede de ag\u00eancias conta com 17 mil empregados a menos do que havia em h\u00e1 cinco anos, devido\u00a0aos diversos planos de aposentadoria incentivada promovidos nos governos Temer e Bolsonaro, que aprofundou as pol\u00edticas do governo anterior.<\/p>\n<p>O atual governo tamb\u00e9m anunciou que pretende acabar com o \u201cmonop\u00f3lio\u201d da gest\u00e3o da Caixa nas contas do FGTS. Para o\u00a0o coordenador da Comiss\u00e3o Executiva dos Empregados da Caixa, Dion\u00edsio Reis, seria um \u201ccrime\u201d voltar a pulverizar as contas dos trabalhadores nos bancos p\u00fablicos, como ocorria antes de 1992, quando houve a centraliza\u00e7\u00e3o da administra\u00e7\u00e3o.<\/p>\n<hr \/>\n<p><em><strong><br \/>Confira aqui:\u00a0<a href=\"http:\/\/www.cutbrasilia.org.br\/site\/wp-content\/uploads\/2019\/08\/cartilha-A5-dieese-cut-1.pdf\" target=\"_blank\" rel=\"noopener noreferrer\">O que est\u00e1 por tr\u00e1s da MP que mexe com seu FGTS<\/a><\/strong><\/em><\/p>\n<hr \/>\n<p>\u201cQuando a gest\u00e3o do fundo era pulverizada, havia muitos casos de fraude e outros problemas administrativos. N\u00f3s, da Caixa, resolvemos esses problemas. A Caixa tem uma gest\u00e3o mais transparente, e, por ser centralizada o fundo, todo trabalhador sabe aonde est\u00e1 a conta dele. Ele sabe aonde ir para sacar os seus recursos\u201d, afirma Dion\u00edsio. Ele lembra que os recursos do fundo, al\u00e9m de servirem como uma \u201cpoupan\u00e7a\u201d do trabalhador, tamb\u00e9m s\u00e3o investidos em pol\u00edticas p\u00fablicas de moradia, saneamento e infraestrutura, que poder\u00e3o acabar com a mudan\u00e7a no modelo de gest\u00e3o.<\/p>\n<p>Criado em 1966, o FGTS nasceu como uma alternativa a estabilidade, que era adquirida ap\u00f3s o empregado completar dez anos numa mesma empresa. A cada m\u00eas, o empregador deposita 8% do sal\u00e1rio bruto em conta no nome do trabalhador. Ele recebe o montante poupado no momento da aposentadoria, ou se for demitido sem justa causa. Os recursos do fundo tamb\u00e9m podem ser usados para a compra da casa pr\u00f3pria.<\/p>\n<h3>Desmonte<\/h3>\n<p>Al\u00e9m do esvaziamento do fundo e das propostas de mudan\u00e7a no modelo de gest\u00e3o, o coordenador tamb\u00e9m denuncia outros ataques que a Caixa vem sofrendo,\u00a0como a venda de ativos estrat\u00e9gicos mais rent\u00e1veis \u2013 como as a\u00e7\u00f5es da Petrobras e do Instituto de Resseguros do Brasil (IRB) \u2013,\u00a0 a\u00a0tentativa de privatizar as loterias instant\u00e2neas (Lotex), que hoje financiam programas nas \u00e1reas da educa\u00e7\u00e3o, esporte, cultura, seguran\u00e7a e sa\u00fade, e tamb\u00e9m a venda dos setores de seguro e cart\u00f5es do banco.<\/p>\n<p>Tudo isso, segundo ele, \u00e9 para reduzir a concorr\u00eancia com o setor privado, prejudicando o conjunto da popula\u00e7\u00e3o. Ele diz que a atua\u00e7\u00e3o do bancos p\u00fablicos serve para pressionar o setor privado a reduzir os juros e tarifas cobradas pelo outros bancos. \u201cN\u00e3o adianta o Banco Central reduzir a Selic. Eles s\u00f3 diminuem quando a Caixa e o Banco do Brasil reduzem as suas taxas\u201d.<\/p>\n<h3>Privatiza\u00e7\u00e3o<\/h3>\n<p>Para Reis, esses ataques preparam terreno para uma futura tentativa de privatiza\u00e7\u00e3o, mesmo com 67% da popula\u00e7\u00e3o se manifestando contra, segundo o Instituto\u00a0<a href=\"https:\/\/www1.folha.uol.com.br\/mercado\/2019\/09\/datafolha-aponta-que-apoio-a-privatizacao-cresce-com-bolsonaro-mas-ainda-e-minoritario.shtml\" target=\"_blank\" rel=\"noopener noreferrer\">Datafolha<\/a>. \u201cNo futuro, sem a gest\u00e3o do FGTS, sem as partes mais rent\u00e1veis, a Caixa vai virar um simples departamento estatal, servindo de justificativa, inclusive, para um processo de privatiza\u00e7\u00e3o.\u00a0A atual dire\u00e7\u00e3o est\u00e1 desinvestindo inclusive no marketing para reduzir a for\u00e7a da imagem do banco.<\/p>\n<p>Ainda assim, a Caixa \u00e9 refer\u00eancia para a popula\u00e7\u00e3o, tendo sido\u00a0<a href=\"https:\/\/www1.folha.uol.com.br\/topofmind\/2018\/10\/1983918-executivos-repercutem-importancia-do-premio-top-of-mind-para-as-marcas-campeas.shtml\" target=\"_blank\" rel=\"noopener noreferrer\">eleita<\/a>, no ano passado, a marca mais lembrada pelos brasileiros quando pensam em poupan\u00e7a.\u00a0 \u201cNenhum outro banco tem a capilaridade da Caixa, que est\u00e1 em todos os munic\u00edpios do pa\u00eds. Quando n\u00e3o tem ag\u00eancia, tem uma lot\u00e9rica. A Caixa est\u00e1 presente, por exemplo, nas cidades ribeirinhas da Amaz\u00f4nia com as ag\u00eancias-barco. Nenhum outro banco tem.\u201d<\/p>\n<p><strong>Fonte: Rede Brasil Atual<\/strong><\/p>\n","protected":false},"excerpt":{"rendered":"<p>Trabalhadores da Caixa Econ\u00f4mica Federal realizam atos em todo o pa\u00eds nesta sexta-feira (13) para denunciar os ataques que o banco vem sofrendo. O Dia Nacional de Luta em Defesa da Caixa 100% P\u00fablica marca o anivers\u00e1rio de 53 anos do FGTS, e coincide com o primeiro dia dos\u00a0saques\u00a0de at\u00e9 R$ 500 liberados pelo governo. [&hellip;]<\/p>\n","protected":false},"author":2,"featured_media":7544,"comment_status":"","ping_status":"","sticky":false,"template":"","format":"standard","meta":{"footnotes":""},"categories":[3],"tags":[],"class_list":["post-7545","post","type-post","status-publish","format-standard","has-post-thumbnail","hentry","category-noticias"],"_links":{"self":[{"href":"https:\/\/hostnetart.com.br\/baixada\/wp-json\/wp\/v2\/posts\/7545","targetHints":{"allow":["GET"]}}],"collection":[{"href":"https:\/\/hostnetart.com.br\/baixada\/wp-json\/wp\/v2\/posts"}],"about":[{"href":"https:\/\/hostnetart.com.br\/baixada\/wp-json\/wp\/v2\/types\/post"}],"author":[{"embeddable":true,"href":"https:\/\/hostnetart.com.br\/baixada\/wp-json\/wp\/v2\/users\/2"}],"replies":[{"embeddable":true,"href":"https:\/\/hostnetart.com.br\/baixada\/wp-json\/wp\/v2\/comments?post=7545"}],"version-history":[{"count":0,"href":"https:\/\/hostnetart.com.br\/baixada\/wp-json\/wp\/v2\/posts\/7545\/revisions"}],"wp:featuredmedia":[{"embeddable":true,"href":"https:\/\/hostnetart.com.br\/baixada\/wp-json\/wp\/v2\/media\/7544"}],"wp:attachment":[{"href":"https:\/\/hostnetart.com.br\/baixada\/wp-json\/wp\/v2\/media?parent=7545"}],"wp:term":[{"taxonomy":"category","embeddable":true,"href":"https:\/\/hostnetart.com.br\/baixada\/wp-json\/wp\/v2\/categories?post=7545"},{"taxonomy":"post_tag","embeddable":true,"href":"https:\/\/hostnetart.com.br\/baixada\/wp-json\/wp\/v2\/tags?post=7545"}],"curies":[{"name":"wp","href":"https:\/\/api.w.org\/{rel}","templated":true}]}}